{"id":9561,"date":"2019-04-20T21:29:47","date_gmt":"2019-04-20T19:29:47","guid":{"rendered":"https:\/\/kinepharma.es\/blog\/?p=9561"},"modified":"2019-04-20T21:29:47","modified_gmt":"2019-04-20T19:29:47","slug":"vitamina-b-para-reverter-a-progressao-do-alzheimer","status":"publish","type":"post","link":"https:\/\/kinepharma.es\/blog\/pt-pt\/2019\/04\/20\/vitamina-b-para-reverter-a-progressao-do-alzheimer\/","title":{"rendered":"Vitamina B para reverter a progress\u00e3o do Alzheimer"},"content":{"rendered":"<p style=\"text-align: justify;\"><img loading=\"lazy\" decoding=\"async\" class=\"aligncenter wp-image-9556\" title=\"Vitamina B para reverter a progress\u00e3o do Alzheimer\" src=\"https:\/\/kinepharma.es\/blog\/wp-content\/uploads\/2019\/04\/vitamina-B12-y-alzheimer-1024x723.jpg\" alt=\"Vitamina B para reverter a progress\u00e3o do Alzheimer\" width=\"614\" height=\"434\" srcset=\"https:\/\/kinepharma.es\/blog\/wp-content\/uploads\/2019\/04\/vitamina-B12-y-alzheimer-1024x723.jpg 1024w, https:\/\/kinepharma.es\/blog\/wp-content\/uploads\/2019\/04\/vitamina-B12-y-alzheimer-300x212.jpg 300w, https:\/\/kinepharma.es\/blog\/wp-content\/uploads\/2019\/04\/vitamina-B12-y-alzheimer-768x542.jpg 768w, https:\/\/kinepharma.es\/blog\/wp-content\/uploads\/2019\/04\/vitamina-B12-y-alzheimer.jpg 1280w\" sizes=\"auto, (max-width: 614px) 100vw, 614px\" \/><\/p>\n<p style=\"text-align: justify;\">Um estudo realizado pela Universidade de Oxford determinou que as vitaminas B podem reverter a progress\u00e3o da doen\u00e7a de Alzheimer. Uma descoberta que representa uma esperan\u00e7a importante para os doentes cujo decl\u00ednio cognitivo pode ser travado. Estes s\u00e3o os desenvolvimentos mais recentes relativamente a esta doen\u00e7a neurodegenerativa.<\/p>\n<h3 style=\"text-align: justify;\">\u00a0<strong>A import\u00e2ncia da vitamina B na luta contra a doen\u00e7a de Alzheimer<\/strong><\/h3>\n<p style=\"text-align: justify;\">\u00a0O Departamento de Neuroci\u00eancias Cl\u00ednicas na Universidade de Nuffield em Oxford foi o respons\u00e1vel pela investiga\u00e7\u00e3o do poder das vitaminas B em doentes que padecem de Alzheimer. O respetivo ensaio cl\u00ednico foi realizado em 156 pessoas com transtorno cognitivo leve e aumento do risco de dem\u00eancia. Os resultados a este respeito foram muito esclarecedores. A vitamina B permitiu uma diminui\u00e7\u00e3o na atrofia da mat\u00e9ria cinzenta atrav\u00e9s da redu\u00e7\u00e3o da homociste\u00edna. Isto \u00e9, implicou uma redu\u00e7\u00e3o decisiva na deteriora\u00e7\u00e3o cognitiva causada pela doen\u00e7a de Alzheimer.<\/p>\n<p style=\"text-align: justify;\">\u00a0Por outro lado, os investigadores tamb\u00e9m realizaram outros testes neurol\u00f3gicos que, eventualmente, permitiram concluir a import\u00e2ncia de suplementos de vitamina B para travar a atrofia em regi\u00f5es espec\u00edficas do c\u00e9rebro.<\/p>\n<h3 style=\"text-align: justify;\">\u00a0<strong>O que \u00e9 a homociste\u00edna?<\/strong><\/h3>\n<p style=\"text-align: justify;\">\u00a0Estamos perante um amino\u00e1cido ou um composto qu\u00edmico produzido no nosso organismo. Os n\u00edveis elevados de homociste\u00edna t\u00eam sido relacionados diretamente com sintomas de Alzheimer e o risco de acidente vascular cerebral. O principal motivo \u00e9 a falta de vitamina B no organismo e \u00e1cido f\u00f3lico.<\/p>\n<p style=\"text-align: justify;\">\u00a0De que forma podemos melhorar a nossa sa\u00fade neste sentido? Gra\u00e7as aos suplementos alimentares, bem como uma dieta baseada na ingest\u00e3o de:<\/p>\n<p style=\"text-align: justify;\">Cereais integrais.<br \/>\nLentilhas.<br \/>\nArroz integral.<br \/>\nBananas.<br \/>\nFrango.<br \/>\nF\u00edgado de novilho ou porco.<br \/>\nLatic\u00ednios.<br \/>\nEspargos.<br \/>\nSardinhas.<br \/>\nSalm\u00e3o.<br \/>\nAmeijoas.<\/p>\n<p class=\"normal\" style=\"margin-left: 18pt; text-align: justify;\"><img loading=\"lazy\" decoding=\"async\" class=\"aligncenter wp-image-9557\" title=\"a doen\u00e7a de Alzheimer\" src=\"https:\/\/kinepharma.es\/blog\/wp-content\/uploads\/2019\/04\/enfermedad-de-alzheimer-1024x768.jpg\" alt=\"a doen\u00e7a de Alzheimer\" width=\"614\" height=\"461\" srcset=\"https:\/\/kinepharma.es\/blog\/wp-content\/uploads\/2019\/04\/enfermedad-de-alzheimer-1024x768.jpg 1024w, https:\/\/kinepharma.es\/blog\/wp-content\/uploads\/2019\/04\/enfermedad-de-alzheimer-300x225.jpg 300w, https:\/\/kinepharma.es\/blog\/wp-content\/uploads\/2019\/04\/enfermedad-de-alzheimer-768x576.jpg 768w, https:\/\/kinepharma.es\/blog\/wp-content\/uploads\/2019\/04\/enfermedad-de-alzheimer.jpg 1280w\" sizes=\"auto, (max-width: 614px) 100vw, 614px\" \/><\/p>\n<p style=\"text-align: justify;\">A melhor forma de proteger o nosso c\u00e9rebro \u00e9 atrav\u00e9s do consumo de vitaminas B, por exemplo, a vitamina B6, B9 e B12. Desta forma, os cientistas descobriram como travar o encolhimento do c\u00e9rebro.<\/p>\n<p style=\"text-align: justify;\">\u00a0Trata-se de uma prote\u00e7\u00e3o natural para travar o envelhecimento neuronal. No entanto, \u00e9 importante n\u00e3o exceder as doses recomendadas de vitamina para evitar outros riscos paralelos.<\/p>\n<p style=\"text-align: justify;\">Em suma, as pessoas que t\u00eam baixos n\u00edveis de vitamina B12 ou de \u00e1cido f\u00f3lico t\u00eam um maior risco de desenvolver doen\u00e7a de Alzheimer no futuro. Uma descoberta para combater a dem\u00eancia nos idosos.<\/p>\n<p style=\"text-align: justify;\">\u00a0Para verificar o estado do seu sistema nervoso atrav\u00e9s da cinesiologia, pode utilizar o <a href=\"https:\/\/www.kinepharma.es\/pt\/kit-teste-de-doencas\/60-tese-doencas-cerebro-e-sistema-nervoso.html\"><strong>kit de filtros de doen\u00e7as do c\u00e9rebro e sistema nervoso<\/strong><\/a>, entre as quais se encontra o Alzheimer.<\/p>\n<p style=\"text-align: justify;\">\u00a0Se quiser testar uma eventual car\u00eancia de vitaminas B, tamb\u00e9m pode utilizar o<a href=\"https:\/\/www.kinepharma.es\/pt\/kit-teste-de-tratamento\/99-teste-de-vitaminas.html\"><strong> kit de vitaminas. <\/strong><\/a><\/p>\n<!-- AddThis Advanced Settings generic via filter on the_content --><!-- AddThis Share Buttons generic via filter on the_content -->","protected":false},"excerpt":{"rendered":"<p>Um estudo realizado pela Universidade de Oxford determinou que as vitaminas B podem reverter a progress\u00e3o da doen\u00e7a de Alzheimer. Uma descoberta que representa uma esperan\u00e7a importante para os doentes [&hellip;]<!-- AddThis Advanced Settings generic via filter on get_the_excerpt --><!-- AddThis Share Buttons generic via filter on get_the_excerpt --><\/p>\n","protected":false},"author":913,"featured_media":0,"comment_status":"open","ping_status":"open","sticky":false,"template":"","format":"standard","meta":{"footnotes":""},"categories":[2915,13,10],"tags":[3597,3590,3590,3598],"class_list":{"0":"post-9561","1":"post","2":"type-post","3":"status-publish","4":"format-standard","5":"hentry","6":"category-kinesiologia-4","7":"category-kinesiologia","8":"category-nutricion","9":"tag-a-doenca-de-alzheimer","10":"tag-vitamina-b12-y-alzheimer","12":"tag-vitaminas-b"},"yoast_head":"<!-- This site is optimized with the Yoast SEO plugin v27.2 - https:\/\/yoast.com\/product\/yoast-seo-wordpress\/ -->\n<title>Vitamina B para reverter a progress\u00e3o do Alzheimer - Blog sobre kinesiolog\u00eda<\/title>\n<meta name=\"robots\" content=\"index, follow, max-snippet:-1, max-image-preview:large, max-video-preview:-1\" \/>\n<link rel=\"canonical\" href=\"https:\/\/kinepharma.es\/blog\/2019\/04\/20\/vitamina-b-para-revertir-la-progresion-del-alzheimer\/\" \/>\n<meta property=\"og:locale\" content=\"es_ES\" \/>\n<meta property=\"og:type\" content=\"article\" \/>\n<meta property=\"og:title\" content=\"Vitamina B para reverter a progress\u00e3o do Alzheimer - Blog sobre kinesiolog\u00eda\" \/>\n<meta property=\"og:description\" content=\"Um estudo realizado pela Universidade de Oxford determinou que as vitaminas B podem reverter a progress\u00e3o da doen\u00e7a de Alzheimer. Uma descoberta que representa uma esperan\u00e7a importante para os doentes [&hellip;]\" \/>\n<meta property=\"og:url\" content=\"https:\/\/kinepharma.es\/blog\/2019\/04\/20\/vitamina-b-para-revertir-la-progresion-del-alzheimer\/\" \/>\n<meta property=\"og:site_name\" content=\"Blog sobre kinesiolog\u00eda\" \/>\n<meta property=\"article:published_time\" content=\"2019-04-20T19:29:47+00:00\" \/>\n<meta property=\"og:image\" content=\"https:\/\/kinepharma.es\/blog\/wp-content\/uploads\/2019\/04\/vitamina-B12-y-alzheimer.jpg\" \/>\n\t<meta property=\"og:image:width\" content=\"1280\" \/>\n\t<meta property=\"og:image:height\" content=\"904\" \/>\n\t<meta property=\"og:image:type\" content=\"image\/jpeg\" \/>\n<meta name=\"twitter:card\" content=\"summary_large_image\" \/>\n<meta name=\"twitter:creator\" content=\"@kinepharma\" \/>\n<meta name=\"twitter:site\" content=\"@kinepharma\" \/>\n<meta name=\"twitter:label1\" content=\"Escrito por\" \/>\n\t<meta name=\"twitter:data1\" content=\"\" \/>\n\t<meta name=\"twitter:label2\" content=\"Tiempo de lectura\" \/>\n\t<meta name=\"twitter:data2\" content=\"2 minutos\" \/>\n<script type=\"application\/ld+json\" class=\"yoast-schema-graph\">{\"@context\":\"https:\/\/schema.org\",\"@graph\":[{\"@type\":\"Article\",\"@id\":\"https:\/\/kinepharma.es\/blog\/2019\/04\/20\/vitamina-b-para-revertir-la-progresion-del-alzheimer\/#article\",\"isPartOf\":{\"@id\":\"https:\/\/kinepharma.es\/blog\/2019\/04\/20\/vitamina-b-para-revertir-la-progresion-del-alzheimer\/\"},\"author\":{\"name\":\"\",\"@id\":\"\"},\"headline\":\"Vitamina B para reverter a progress\u00e3o do Alzheimer\",\"datePublished\":\"2019-04-20T19:29:47+00:00\",\"mainEntityOfPage\":{\"@id\":\"https:\/\/kinepharma.es\/blog\/2019\/04\/20\/vitamina-b-para-revertir-la-progresion-del-alzheimer\/\"},\"wordCount\":464,\"commentCount\":0,\"image\":{\"@id\":\"https:\/\/kinepharma.es\/blog\/2019\/04\/20\/vitamina-b-para-revertir-la-progresion-del-alzheimer\/#primaryimage\"},\"thumbnailUrl\":\"https:\/\/kinepharma.es\/blog\/wp-content\/uploads\/2019\/04\/vitamina-B12-y-alzheimer-1024x723.jpg\",\"keywords\":[\"a doen\u00e7a de Alzheimer\",\"vitamina B12 y alzheimer\",\"vitamina B12 y alzheimer\",\"vitaminas B\"],\"articleSection\":[\"Kinesiologia\",\"Kinesiolog\u00eda\",\"Nutrici\u00f3n\"],\"inLanguage\":\"es\",\"potentialAction\":[{\"@type\":\"CommentAction\",\"name\":\"Comment\",\"target\":[\"https:\/\/kinepharma.es\/blog\/2019\/04\/20\/vitamina-b-para-revertir-la-progresion-del-alzheimer\/#respond\"]}]},{\"@type\":\"WebPage\",\"@id\":\"https:\/\/kinepharma.es\/blog\/2019\/04\/20\/vitamina-b-para-revertir-la-progresion-del-alzheimer\/\",\"url\":\"https:\/\/kinepharma.es\/blog\/2019\/04\/20\/vitamina-b-para-revertir-la-progresion-del-alzheimer\/\",\"name\":\"Vitamina B para reverter a progress\u00e3o do Alzheimer - Blog sobre kinesiolog\u00eda\",\"isPartOf\":{\"@id\":\"https:\/\/kinepharma.es\/blog\/#website\"},\"primaryImageOfPage\":{\"@id\":\"https:\/\/kinepharma.es\/blog\/2019\/04\/20\/vitamina-b-para-revertir-la-progresion-del-alzheimer\/#primaryimage\"},\"image\":{\"@id\":\"https:\/\/kinepharma.es\/blog\/2019\/04\/20\/vitamina-b-para-revertir-la-progresion-del-alzheimer\/#primaryimage\"},\"thumbnailUrl\":\"https:\/\/kinepharma.es\/blog\/wp-content\/uploads\/2019\/04\/vitamina-B12-y-alzheimer-1024x723.jpg\",\"datePublished\":\"2019-04-20T19:29:47+00:00\",\"author\":{\"@id\":\"\"},\"breadcrumb\":{\"@id\":\"https:\/\/kinepharma.es\/blog\/2019\/04\/20\/vitamina-b-para-revertir-la-progresion-del-alzheimer\/#breadcrumb\"},\"inLanguage\":\"es\",\"potentialAction\":[{\"@type\":\"ReadAction\",\"target\":[\"https:\/\/kinepharma.es\/blog\/2019\/04\/20\/vitamina-b-para-revertir-la-progresion-del-alzheimer\/\"]}]},{\"@type\":\"ImageObject\",\"inLanguage\":\"es\",\"@id\":\"https:\/\/kinepharma.es\/blog\/2019\/04\/20\/vitamina-b-para-revertir-la-progresion-del-alzheimer\/#primaryimage\",\"url\":\"https:\/\/kinepharma.es\/blog\/wp-content\/uploads\/2019\/04\/vitamina-B12-y-alzheimer.jpg\",\"contentUrl\":\"https:\/\/kinepharma.es\/blog\/wp-content\/uploads\/2019\/04\/vitamina-B12-y-alzheimer.jpg\",\"width\":1280,\"height\":904,\"caption\":\"vitamina B12 y alzheimer\"},{\"@type\":\"BreadcrumbList\",\"@id\":\"https:\/\/kinepharma.es\/blog\/2019\/04\/20\/vitamina-b-para-revertir-la-progresion-del-alzheimer\/#breadcrumb\",\"itemListElement\":[{\"@type\":\"ListItem\",\"position\":1,\"name\":\"Portada\",\"item\":\"https:\/\/kinepharma.es\/blog\/\"},{\"@type\":\"ListItem\",\"position\":2,\"name\":\"Vitamina B para reverter a progress\u00e3o do Alzheimer\"}]},{\"@type\":\"WebSite\",\"@id\":\"https:\/\/kinepharma.es\/blog\/#website\",\"url\":\"https:\/\/kinepharma.es\/blog\/\",\"name\":\"Blog sobre kinesiolog\u00eda\",\"description\":\"Blog relacionado con el mundo de la kinesiolog\u00eda y de los materiales para su pr\u00e1ctica\",\"potentialAction\":[{\"@type\":\"SearchAction\",\"target\":{\"@type\":\"EntryPoint\",\"urlTemplate\":\"https:\/\/kinepharma.es\/blog\/?s={search_term_string}\"},\"query-input\":{\"@type\":\"PropertyValueSpecification\",\"valueRequired\":true,\"valueName\":\"search_term_string\"}}],\"inLanguage\":\"es\"},{\"@type\":\"Person\",\"@id\":\"\",\"url\":\"https:\/\/kinepharma.es\/blog\/author\/\"}]}<\/script>\n<!-- \/ Yoast SEO plugin. -->","yoast_head_json":{"title":"Vitamina B para reverter a progress\u00e3o do Alzheimer - Blog sobre kinesiolog\u00eda","robots":{"index":"index","follow":"follow","max-snippet":"max-snippet:-1","max-image-preview":"max-image-preview:large","max-video-preview":"max-video-preview:-1"},"canonical":"https:\/\/kinepharma.es\/blog\/2019\/04\/20\/vitamina-b-para-revertir-la-progresion-del-alzheimer\/","og_locale":"es_ES","og_type":"article","og_title":"Vitamina B para reverter a progress\u00e3o do Alzheimer - Blog sobre kinesiolog\u00eda","og_description":"Um estudo realizado pela Universidade de Oxford determinou que as vitaminas B podem reverter a progress\u00e3o da doen\u00e7a de Alzheimer. Uma descoberta que representa uma esperan\u00e7a importante para os doentes [&hellip;]","og_url":"https:\/\/kinepharma.es\/blog\/2019\/04\/20\/vitamina-b-para-revertir-la-progresion-del-alzheimer\/","og_site_name":"Blog sobre kinesiolog\u00eda","article_published_time":"2019-04-20T19:29:47+00:00","og_image":[{"width":1280,"height":904,"url":"https:\/\/kinepharma.es\/blog\/wp-content\/uploads\/2019\/04\/vitamina-B12-y-alzheimer.jpg","type":"image\/jpeg"}],"twitter_card":"summary_large_image","twitter_creator":"@kinepharma","twitter_site":"@kinepharma","twitter_misc":{"Escrito por":"","Tiempo de lectura":"2 minutos"},"schema":{"@context":"https:\/\/schema.org","@graph":[{"@type":"Article","@id":"https:\/\/kinepharma.es\/blog\/2019\/04\/20\/vitamina-b-para-revertir-la-progresion-del-alzheimer\/#article","isPartOf":{"@id":"https:\/\/kinepharma.es\/blog\/2019\/04\/20\/vitamina-b-para-revertir-la-progresion-del-alzheimer\/"},"author":{"name":"","@id":""},"headline":"Vitamina B para reverter a progress\u00e3o do Alzheimer","datePublished":"2019-04-20T19:29:47+00:00","mainEntityOfPage":{"@id":"https:\/\/kinepharma.es\/blog\/2019\/04\/20\/vitamina-b-para-revertir-la-progresion-del-alzheimer\/"},"wordCount":464,"commentCount":0,"image":{"@id":"https:\/\/kinepharma.es\/blog\/2019\/04\/20\/vitamina-b-para-revertir-la-progresion-del-alzheimer\/#primaryimage"},"thumbnailUrl":"https:\/\/kinepharma.es\/blog\/wp-content\/uploads\/2019\/04\/vitamina-B12-y-alzheimer-1024x723.jpg","keywords":["a doen\u00e7a de Alzheimer","vitamina B12 y alzheimer","vitamina B12 y alzheimer","vitaminas B"],"articleSection":["Kinesiologia","Kinesiolog\u00eda","Nutrici\u00f3n"],"inLanguage":"es","potentialAction":[{"@type":"CommentAction","name":"Comment","target":["https:\/\/kinepharma.es\/blog\/2019\/04\/20\/vitamina-b-para-revertir-la-progresion-del-alzheimer\/#respond"]}]},{"@type":"WebPage","@id":"https:\/\/kinepharma.es\/blog\/2019\/04\/20\/vitamina-b-para-revertir-la-progresion-del-alzheimer\/","url":"https:\/\/kinepharma.es\/blog\/2019\/04\/20\/vitamina-b-para-revertir-la-progresion-del-alzheimer\/","name":"Vitamina B para reverter a progress\u00e3o do Alzheimer - Blog sobre kinesiolog\u00eda","isPartOf":{"@id":"https:\/\/kinepharma.es\/blog\/#website"},"primaryImageOfPage":{"@id":"https:\/\/kinepharma.es\/blog\/2019\/04\/20\/vitamina-b-para-revertir-la-progresion-del-alzheimer\/#primaryimage"},"image":{"@id":"https:\/\/kinepharma.es\/blog\/2019\/04\/20\/vitamina-b-para-revertir-la-progresion-del-alzheimer\/#primaryimage"},"thumbnailUrl":"https:\/\/kinepharma.es\/blog\/wp-content\/uploads\/2019\/04\/vitamina-B12-y-alzheimer-1024x723.jpg","datePublished":"2019-04-20T19:29:47+00:00","author":{"@id":""},"breadcrumb":{"@id":"https:\/\/kinepharma.es\/blog\/2019\/04\/20\/vitamina-b-para-revertir-la-progresion-del-alzheimer\/#breadcrumb"},"inLanguage":"es","potentialAction":[{"@type":"ReadAction","target":["https:\/\/kinepharma.es\/blog\/2019\/04\/20\/vitamina-b-para-revertir-la-progresion-del-alzheimer\/"]}]},{"@type":"ImageObject","inLanguage":"es","@id":"https:\/\/kinepharma.es\/blog\/2019\/04\/20\/vitamina-b-para-revertir-la-progresion-del-alzheimer\/#primaryimage","url":"https:\/\/kinepharma.es\/blog\/wp-content\/uploads\/2019\/04\/vitamina-B12-y-alzheimer.jpg","contentUrl":"https:\/\/kinepharma.es\/blog\/wp-content\/uploads\/2019\/04\/vitamina-B12-y-alzheimer.jpg","width":1280,"height":904,"caption":"vitamina B12 y alzheimer"},{"@type":"BreadcrumbList","@id":"https:\/\/kinepharma.es\/blog\/2019\/04\/20\/vitamina-b-para-revertir-la-progresion-del-alzheimer\/#breadcrumb","itemListElement":[{"@type":"ListItem","position":1,"name":"Portada","item":"https:\/\/kinepharma.es\/blog\/"},{"@type":"ListItem","position":2,"name":"Vitamina B para reverter a progress\u00e3o do Alzheimer"}]},{"@type":"WebSite","@id":"https:\/\/kinepharma.es\/blog\/#website","url":"https:\/\/kinepharma.es\/blog\/","name":"Blog sobre kinesiolog\u00eda","description":"Blog relacionado con el mundo de la kinesiolog\u00eda y de los materiales para su pr\u00e1ctica","potentialAction":[{"@type":"SearchAction","target":{"@type":"EntryPoint","urlTemplate":"https:\/\/kinepharma.es\/blog\/?s={search_term_string}"},"query-input":{"@type":"PropertyValueSpecification","valueRequired":true,"valueName":"search_term_string"}}],"inLanguage":"es"},{"@type":"Person","@id":"","url":"https:\/\/kinepharma.es\/blog\/author\/"}]}},"_links":{"self":[{"href":"https:\/\/kinepharma.es\/blog\/wp-json\/wp\/v2\/posts\/9561","targetHints":{"allow":["GET"]}}],"collection":[{"href":"https:\/\/kinepharma.es\/blog\/wp-json\/wp\/v2\/posts"}],"about":[{"href":"https:\/\/kinepharma.es\/blog\/wp-json\/wp\/v2\/types\/post"}],"author":[{"embeddable":true,"href":"https:\/\/kinepharma.es\/blog\/wp-json\/wp\/v2\/users\/913"}],"replies":[{"embeddable":true,"href":"https:\/\/kinepharma.es\/blog\/wp-json\/wp\/v2\/comments?post=9561"}],"version-history":[{"count":3,"href":"https:\/\/kinepharma.es\/blog\/wp-json\/wp\/v2\/posts\/9561\/revisions"}],"predecessor-version":[{"id":9570,"href":"https:\/\/kinepharma.es\/blog\/wp-json\/wp\/v2\/posts\/9561\/revisions\/9570"}],"wp:attachment":[{"href":"https:\/\/kinepharma.es\/blog\/wp-json\/wp\/v2\/media?parent=9561"}],"wp:term":[{"taxonomy":"category","embeddable":true,"href":"https:\/\/kinepharma.es\/blog\/wp-json\/wp\/v2\/categories?post=9561"},{"taxonomy":"post_tag","embeddable":true,"href":"https:\/\/kinepharma.es\/blog\/wp-json\/wp\/v2\/tags?post=9561"}],"curies":[{"name":"wp","href":"https:\/\/api.w.org\/{rel}","templated":true}]}}