{"id":9553,"date":"2019-04-20T21:30:21","date_gmt":"2019-04-20T19:30:21","guid":{"rendered":"https:\/\/kinepharma.es\/blog\/?p=9553"},"modified":"2019-04-20T21:30:21","modified_gmt":"2019-04-20T19:30:21","slug":"vitamina-b-para-revertir-la-progresion-del-alzheimer","status":"publish","type":"post","link":"https:\/\/kinepharma.es\/blog\/2019\/04\/20\/vitamina-b-para-revertir-la-progresion-del-alzheimer\/","title":{"rendered":"Vitamina B para revertir la progresi\u00f3n del Alzheimer"},"content":{"rendered":"<p style=\"text-align: justify;\"><img loading=\"lazy\" decoding=\"async\" class=\"aligncenter wp-image-9556\" title=\"vitamina B12 y alzheimer\" src=\"https:\/\/kinepharma.es\/blog\/wp-content\/uploads\/2019\/04\/vitamina-B12-y-alzheimer-1024x723.jpg\" alt=\"vitamina B12 y alzheimer\" width=\"614\" height=\"434\" srcset=\"https:\/\/kinepharma.es\/blog\/wp-content\/uploads\/2019\/04\/vitamina-B12-y-alzheimer-1024x723.jpg 1024w, https:\/\/kinepharma.es\/blog\/wp-content\/uploads\/2019\/04\/vitamina-B12-y-alzheimer-300x212.jpg 300w, https:\/\/kinepharma.es\/blog\/wp-content\/uploads\/2019\/04\/vitamina-B12-y-alzheimer-768x542.jpg 768w, https:\/\/kinepharma.es\/blog\/wp-content\/uploads\/2019\/04\/vitamina-B12-y-alzheimer.jpg 1280w\" sizes=\"auto, (max-width: 614px) 100vw, 614px\" \/><\/p>\n<p style=\"text-align: justify;\">Un estudio realizado por la Universidad de Oxford determina que las vitaminas del complejo B pueden revertir la progresi\u00f3n del Alzheimer. Todo un descubrimiento que aporta una gran esperanza para los enfermos cuyo deterioro cognitivo podr\u00eda ser frenado. Estos son los \u00faltimos avances acerca de esta enfermedad neurodegenerativa.<\/p>\n<h3 style=\"text-align: justify;\"><strong>La importancia de la vitamina B en la lucha contra el Alzheimer<\/strong><\/h3>\n<p style=\"text-align: justify;\">El Departamento de Neurociencias Cl\u00ednicas de Nuffield en Oxford ha sido el encargado de investigar el poder de las vitaminas del complejo B en pacientes de Alzheimer. Su ensayo cl\u00ednico ha sido realizado en 156 personas con deterioro cognitivo leve y alto riesgo de demencia. Los resultados en este sentido fueron muy esclarecedores. La vitamina B consigui\u00f3 una disminuci\u00f3n en la atrofia de la materia gris gracias a la reducci\u00f3n de la homociste\u00edna. Es decir, supuso un freno determinante ante el deterioro cognitivo producido por la enfermedad del Alzheimer.<\/p>\n<p style=\"text-align: justify;\">Por otro lado, los investigadores tambi\u00e9n llevaron a cabo otras pruebas neurol\u00f3gicas que terminaron por concluir la importancia de los suplementos con vitamina B para frenar a la atrofia en determinadas regiones del cerebro.<\/p>\n<h3 style=\"text-align: justify;\"><strong>\u00bfQu\u00e9 es la homociste\u00edna?<\/strong><\/h3>\n<p style=\"text-align: justify;\">Estamos ante un amino\u00e1cido o compuesto qu\u00edmico que fabrica nuestro organismo. Los altos niveles de homociste\u00edna se han relacionado directamente con los s\u00edntomas de Alzheimer, as\u00ed como con el riesgo de accidente cardiovascular. Su principal motivo es la falta de vitamina B en el organismo y \u00e1cido f\u00f3lico.<\/p>\n<p style=\"text-align: justify;\">\u00bfC\u00f3mo podemos mejorar nuestra salud en este sentido? Gracias a los suplementos alimenticios, as\u00ed como a una dieta basada en la ingesta de:<\/p>\n<p class=\"normal\" style=\"margin-left: 18pt; text-align: justify;\">Cereales integrales.<br \/>\nLentejas.<br \/>\nArroz integral.<br \/>\nPl\u00e1tanos.<br \/>\nPollo.<br \/>\nH\u00edgado de ternera o cerdo.<br \/>\nProductos l\u00e1cteos.<br \/>\nEsp\u00e1rragos.<br \/>\nSardinas.<br \/>\nSalm\u00f3n.<br \/>\nAlmejas.<\/p>\n<p class=\"normal\" style=\"margin-left: 18pt; text-align: justify;\"><img loading=\"lazy\" decoding=\"async\" class=\"aligncenter wp-image-9557\" title=\"enfermedad de alzheimer\" src=\"https:\/\/kinepharma.es\/blog\/wp-content\/uploads\/2019\/04\/enfermedad-de-alzheimer-1024x768.jpg\" alt=\"enfermedad de alzheimer\" width=\"614\" height=\"461\" srcset=\"https:\/\/kinepharma.es\/blog\/wp-content\/uploads\/2019\/04\/enfermedad-de-alzheimer-1024x768.jpg 1024w, https:\/\/kinepharma.es\/blog\/wp-content\/uploads\/2019\/04\/enfermedad-de-alzheimer-300x225.jpg 300w, https:\/\/kinepharma.es\/blog\/wp-content\/uploads\/2019\/04\/enfermedad-de-alzheimer-768x576.jpg 768w, https:\/\/kinepharma.es\/blog\/wp-content\/uploads\/2019\/04\/enfermedad-de-alzheimer.jpg 1280w\" sizes=\"auto, (max-width: 614px) 100vw, 614px\" \/><\/p>\n<p style=\"text-align: justify;\">La mejor manera de proteger nuestro cerebro es consumiendo vitaminas del complejo B, como, por ejemplo, la vitamina B6, B9 y B12. De esta manera, los cient\u00edficos han descubierto c\u00f3mo frenar la contracci\u00f3n del cerebro.<\/p>\n<p style=\"text-align: justify;\">Se trata de una protecci\u00f3n natural que permite retrasar el envejecimiento neuronal. No obstante, es importante no sobrepasar las dosis recomendadas de vitamina para evitar otros riesgos paralelos.<\/p>\n<p style=\"text-align: justify;\">En resumen, las personas que presentan niveles bajos de vitamina B12 o folato tienen un mayor riesgo de padecer la enfermedad de Alzheimer en un futuro. Todo un descubrimiento para luchar contra la demencia en personas de avanzada edad.<\/p>\n<p style=\"text-align: justify;\">Para comprobar el estado de nuestro sistema nervioso a trav\u00e9s de la kinesiolog\u00eda\u00a0 puedes ayudarte\u00a0 del <a href=\"https:\/\/www.kinepharma.es\/es\/kits-enfermedades\/60-testaje-enfermedades-cerebro-y-sistema-nervioso.html\"><strong>kit de filtros de enfermedades del cerebro y sistema nervioso<\/strong><\/a>, entre las que se encuentra el alzheimer.<\/p>\n<p style=\"text-align: justify;\">Si quieres testar una posible carencia de vitaminas del complejo B, tambi\u00e9n puedes ayudarte del <strong><a href=\"https:\/\/www.kinepharma.es\/es\/kit-de-testaje-tratamiento\/99-test-de-vitaminas.html\">kit de vitaminas<\/a>.<\/strong><\/p>\n<!-- AddThis Advanced Settings generic via filter on the_content --><!-- AddThis Share Buttons generic via filter on the_content -->","protected":false},"excerpt":{"rendered":"<p>Un estudio realizado por la Universidad de Oxford determina que las vitaminas del complejo B pueden revertir la progresi\u00f3n del Alzheimer. Todo un descubrimiento que aporta una gran esperanza para [&hellip;]<!-- AddThis Advanced Settings generic via filter on get_the_excerpt --><!-- AddThis Share Buttons generic via filter on get_the_excerpt --><\/p>\n","protected":false},"author":913,"featured_media":0,"comment_status":"open","ping_status":"open","sticky":false,"template":"","format":"standard","meta":{"footnotes":""},"categories":[13,10],"tags":[3590],"class_list":["post-9553","post","type-post","status-publish","format-standard","hentry","category-kinesiologia","category-nutricion","tag-vitamina-b12-y-alzheimer"],"yoast_head":"<!-- This site is optimized with the Yoast SEO plugin v27.2 - https:\/\/yoast.com\/product\/yoast-seo-wordpress\/ -->\n<title>Vitamina B para revertir la progresi\u00f3n del Alzheimer - Blog sobre kinesiolog\u00eda<\/title>\n<meta name=\"robots\" content=\"index, follow, max-snippet:-1, max-image-preview:large, max-video-preview:-1\" \/>\n<link rel=\"canonical\" href=\"https:\/\/kinepharma.es\/blog\/2019\/04\/20\/vitamina-b-para-revertir-la-progresion-del-alzheimer\/\" \/>\n<meta property=\"og:locale\" content=\"es_ES\" \/>\n<meta property=\"og:type\" content=\"article\" \/>\n<meta property=\"og:title\" content=\"Vitamina B para revertir la progresi\u00f3n del Alzheimer - Blog sobre kinesiolog\u00eda\" \/>\n<meta property=\"og:description\" content=\"Un estudio realizado por la Universidad de Oxford determina que las vitaminas del complejo B pueden revertir la progresi\u00f3n del Alzheimer. Todo un descubrimiento que aporta una gran esperanza para [&hellip;]\" \/>\n<meta property=\"og:url\" content=\"https:\/\/kinepharma.es\/blog\/2019\/04\/20\/vitamina-b-para-revertir-la-progresion-del-alzheimer\/\" \/>\n<meta property=\"og:site_name\" content=\"Blog sobre kinesiolog\u00eda\" \/>\n<meta property=\"article:published_time\" content=\"2019-04-20T19:30:21+00:00\" \/>\n<meta property=\"og:image\" content=\"https:\/\/kinepharma.es\/blog\/wp-content\/uploads\/2019\/04\/vitamina-B12-y-alzheimer.jpg\" \/>\n\t<meta property=\"og:image:width\" content=\"1280\" \/>\n\t<meta property=\"og:image:height\" content=\"904\" \/>\n\t<meta property=\"og:image:type\" content=\"image\/jpeg\" \/>\n<meta name=\"twitter:card\" content=\"summary_large_image\" \/>\n<meta name=\"twitter:creator\" content=\"@kinepharma\" \/>\n<meta name=\"twitter:site\" content=\"@kinepharma\" \/>\n<meta name=\"twitter:label1\" content=\"Escrito por\" \/>\n\t<meta name=\"twitter:data1\" content=\"\" \/>\n\t<meta name=\"twitter:label2\" content=\"Tiempo de lectura\" \/>\n\t<meta name=\"twitter:data2\" content=\"2 minutos\" \/>\n<script type=\"application\/ld+json\" class=\"yoast-schema-graph\">{\"@context\":\"https:\/\/schema.org\",\"@graph\":[{\"@type\":\"Article\",\"@id\":\"https:\/\/kinepharma.es\/blog\/2019\/04\/20\/vitamina-b-para-revertir-la-progresion-del-alzheimer\/#article\",\"isPartOf\":{\"@id\":\"https:\/\/kinepharma.es\/blog\/2019\/04\/20\/vitamina-b-para-revertir-la-progresion-del-alzheimer\/\"},\"author\":{\"name\":\"\",\"@id\":\"\"},\"headline\":\"Vitamina B para revertir la progresi\u00f3n del Alzheimer\",\"datePublished\":\"2019-04-20T19:30:21+00:00\",\"mainEntityOfPage\":{\"@id\":\"https:\/\/kinepharma.es\/blog\/2019\/04\/20\/vitamina-b-para-revertir-la-progresion-del-alzheimer\/\"},\"wordCount\":465,\"commentCount\":0,\"image\":{\"@id\":\"https:\/\/kinepharma.es\/blog\/2019\/04\/20\/vitamina-b-para-revertir-la-progresion-del-alzheimer\/#primaryimage\"},\"thumbnailUrl\":\"https:\/\/kinepharma.es\/blog\/wp-content\/uploads\/2019\/04\/vitamina-B12-y-alzheimer-1024x723.jpg\",\"keywords\":[\"vitamina B12 y alzheimer\"],\"articleSection\":[\"Kinesiolog\u00eda\",\"Nutrici\u00f3n\"],\"inLanguage\":\"es\",\"potentialAction\":[{\"@type\":\"CommentAction\",\"name\":\"Comment\",\"target\":[\"https:\/\/kinepharma.es\/blog\/2019\/04\/20\/vitamina-b-para-revertir-la-progresion-del-alzheimer\/#respond\"]}]},{\"@type\":\"WebPage\",\"@id\":\"https:\/\/kinepharma.es\/blog\/2019\/04\/20\/vitamina-b-para-revertir-la-progresion-del-alzheimer\/\",\"url\":\"https:\/\/kinepharma.es\/blog\/2019\/04\/20\/vitamina-b-para-revertir-la-progresion-del-alzheimer\/\",\"name\":\"Vitamina B para revertir la progresi\u00f3n del Alzheimer - Blog sobre kinesiolog\u00eda\",\"isPartOf\":{\"@id\":\"https:\/\/kinepharma.es\/blog\/#website\"},\"primaryImageOfPage\":{\"@id\":\"https:\/\/kinepharma.es\/blog\/2019\/04\/20\/vitamina-b-para-revertir-la-progresion-del-alzheimer\/#primaryimage\"},\"image\":{\"@id\":\"https:\/\/kinepharma.es\/blog\/2019\/04\/20\/vitamina-b-para-revertir-la-progresion-del-alzheimer\/#primaryimage\"},\"thumbnailUrl\":\"https:\/\/kinepharma.es\/blog\/wp-content\/uploads\/2019\/04\/vitamina-B12-y-alzheimer-1024x723.jpg\",\"datePublished\":\"2019-04-20T19:30:21+00:00\",\"author\":{\"@id\":\"\"},\"breadcrumb\":{\"@id\":\"https:\/\/kinepharma.es\/blog\/2019\/04\/20\/vitamina-b-para-revertir-la-progresion-del-alzheimer\/#breadcrumb\"},\"inLanguage\":\"es\",\"potentialAction\":[{\"@type\":\"ReadAction\",\"target\":[\"https:\/\/kinepharma.es\/blog\/2019\/04\/20\/vitamina-b-para-revertir-la-progresion-del-alzheimer\/\"]}]},{\"@type\":\"ImageObject\",\"inLanguage\":\"es\",\"@id\":\"https:\/\/kinepharma.es\/blog\/2019\/04\/20\/vitamina-b-para-revertir-la-progresion-del-alzheimer\/#primaryimage\",\"url\":\"https:\/\/kinepharma.es\/blog\/wp-content\/uploads\/2019\/04\/vitamina-B12-y-alzheimer.jpg\",\"contentUrl\":\"https:\/\/kinepharma.es\/blog\/wp-content\/uploads\/2019\/04\/vitamina-B12-y-alzheimer.jpg\",\"width\":1280,\"height\":904,\"caption\":\"vitamina B12 y alzheimer\"},{\"@type\":\"BreadcrumbList\",\"@id\":\"https:\/\/kinepharma.es\/blog\/2019\/04\/20\/vitamina-b-para-revertir-la-progresion-del-alzheimer\/#breadcrumb\",\"itemListElement\":[{\"@type\":\"ListItem\",\"position\":1,\"name\":\"Portada\",\"item\":\"https:\/\/kinepharma.es\/blog\/\"},{\"@type\":\"ListItem\",\"position\":2,\"name\":\"Vitamina B para revertir la progresi\u00f3n del Alzheimer\"}]},{\"@type\":\"WebSite\",\"@id\":\"https:\/\/kinepharma.es\/blog\/#website\",\"url\":\"https:\/\/kinepharma.es\/blog\/\",\"name\":\"Blog sobre kinesiolog\u00eda\",\"description\":\"Blog relacionado con el mundo de la kinesiolog\u00eda y de los materiales para su pr\u00e1ctica\",\"potentialAction\":[{\"@type\":\"SearchAction\",\"target\":{\"@type\":\"EntryPoint\",\"urlTemplate\":\"https:\/\/kinepharma.es\/blog\/?s={search_term_string}\"},\"query-input\":{\"@type\":\"PropertyValueSpecification\",\"valueRequired\":true,\"valueName\":\"search_term_string\"}}],\"inLanguage\":\"es\"},{\"@type\":\"Person\",\"@id\":\"\",\"url\":\"https:\/\/kinepharma.es\/blog\/author\/\"}]}<\/script>\n<!-- \/ Yoast SEO plugin. -->","yoast_head_json":{"title":"Vitamina B para revertir la progresi\u00f3n del Alzheimer - Blog sobre kinesiolog\u00eda","robots":{"index":"index","follow":"follow","max-snippet":"max-snippet:-1","max-image-preview":"max-image-preview:large","max-video-preview":"max-video-preview:-1"},"canonical":"https:\/\/kinepharma.es\/blog\/2019\/04\/20\/vitamina-b-para-revertir-la-progresion-del-alzheimer\/","og_locale":"es_ES","og_type":"article","og_title":"Vitamina B para revertir la progresi\u00f3n del Alzheimer - Blog sobre kinesiolog\u00eda","og_description":"Un estudio realizado por la Universidad de Oxford determina que las vitaminas del complejo B pueden revertir la progresi\u00f3n del Alzheimer. Todo un descubrimiento que aporta una gran esperanza para [&hellip;]","og_url":"https:\/\/kinepharma.es\/blog\/2019\/04\/20\/vitamina-b-para-revertir-la-progresion-del-alzheimer\/","og_site_name":"Blog sobre kinesiolog\u00eda","article_published_time":"2019-04-20T19:30:21+00:00","og_image":[{"width":1280,"height":904,"url":"https:\/\/kinepharma.es\/blog\/wp-content\/uploads\/2019\/04\/vitamina-B12-y-alzheimer.jpg","type":"image\/jpeg"}],"twitter_card":"summary_large_image","twitter_creator":"@kinepharma","twitter_site":"@kinepharma","twitter_misc":{"Escrito por":"","Tiempo de lectura":"2 minutos"},"schema":{"@context":"https:\/\/schema.org","@graph":[{"@type":"Article","@id":"https:\/\/kinepharma.es\/blog\/2019\/04\/20\/vitamina-b-para-revertir-la-progresion-del-alzheimer\/#article","isPartOf":{"@id":"https:\/\/kinepharma.es\/blog\/2019\/04\/20\/vitamina-b-para-revertir-la-progresion-del-alzheimer\/"},"author":{"name":"","@id":""},"headline":"Vitamina B para revertir la progresi\u00f3n del Alzheimer","datePublished":"2019-04-20T19:30:21+00:00","mainEntityOfPage":{"@id":"https:\/\/kinepharma.es\/blog\/2019\/04\/20\/vitamina-b-para-revertir-la-progresion-del-alzheimer\/"},"wordCount":465,"commentCount":0,"image":{"@id":"https:\/\/kinepharma.es\/blog\/2019\/04\/20\/vitamina-b-para-revertir-la-progresion-del-alzheimer\/#primaryimage"},"thumbnailUrl":"https:\/\/kinepharma.es\/blog\/wp-content\/uploads\/2019\/04\/vitamina-B12-y-alzheimer-1024x723.jpg","keywords":["vitamina B12 y alzheimer"],"articleSection":["Kinesiolog\u00eda","Nutrici\u00f3n"],"inLanguage":"es","potentialAction":[{"@type":"CommentAction","name":"Comment","target":["https:\/\/kinepharma.es\/blog\/2019\/04\/20\/vitamina-b-para-revertir-la-progresion-del-alzheimer\/#respond"]}]},{"@type":"WebPage","@id":"https:\/\/kinepharma.es\/blog\/2019\/04\/20\/vitamina-b-para-revertir-la-progresion-del-alzheimer\/","url":"https:\/\/kinepharma.es\/blog\/2019\/04\/20\/vitamina-b-para-revertir-la-progresion-del-alzheimer\/","name":"Vitamina B para revertir la progresi\u00f3n del Alzheimer - Blog sobre kinesiolog\u00eda","isPartOf":{"@id":"https:\/\/kinepharma.es\/blog\/#website"},"primaryImageOfPage":{"@id":"https:\/\/kinepharma.es\/blog\/2019\/04\/20\/vitamina-b-para-revertir-la-progresion-del-alzheimer\/#primaryimage"},"image":{"@id":"https:\/\/kinepharma.es\/blog\/2019\/04\/20\/vitamina-b-para-revertir-la-progresion-del-alzheimer\/#primaryimage"},"thumbnailUrl":"https:\/\/kinepharma.es\/blog\/wp-content\/uploads\/2019\/04\/vitamina-B12-y-alzheimer-1024x723.jpg","datePublished":"2019-04-20T19:30:21+00:00","author":{"@id":""},"breadcrumb":{"@id":"https:\/\/kinepharma.es\/blog\/2019\/04\/20\/vitamina-b-para-revertir-la-progresion-del-alzheimer\/#breadcrumb"},"inLanguage":"es","potentialAction":[{"@type":"ReadAction","target":["https:\/\/kinepharma.es\/blog\/2019\/04\/20\/vitamina-b-para-revertir-la-progresion-del-alzheimer\/"]}]},{"@type":"ImageObject","inLanguage":"es","@id":"https:\/\/kinepharma.es\/blog\/2019\/04\/20\/vitamina-b-para-revertir-la-progresion-del-alzheimer\/#primaryimage","url":"https:\/\/kinepharma.es\/blog\/wp-content\/uploads\/2019\/04\/vitamina-B12-y-alzheimer.jpg","contentUrl":"https:\/\/kinepharma.es\/blog\/wp-content\/uploads\/2019\/04\/vitamina-B12-y-alzheimer.jpg","width":1280,"height":904,"caption":"vitamina B12 y alzheimer"},{"@type":"BreadcrumbList","@id":"https:\/\/kinepharma.es\/blog\/2019\/04\/20\/vitamina-b-para-revertir-la-progresion-del-alzheimer\/#breadcrumb","itemListElement":[{"@type":"ListItem","position":1,"name":"Portada","item":"https:\/\/kinepharma.es\/blog\/"},{"@type":"ListItem","position":2,"name":"Vitamina B para revertir la progresi\u00f3n del Alzheimer"}]},{"@type":"WebSite","@id":"https:\/\/kinepharma.es\/blog\/#website","url":"https:\/\/kinepharma.es\/blog\/","name":"Blog sobre kinesiolog\u00eda","description":"Blog relacionado con el mundo de la kinesiolog\u00eda y de los materiales para su pr\u00e1ctica","potentialAction":[{"@type":"SearchAction","target":{"@type":"EntryPoint","urlTemplate":"https:\/\/kinepharma.es\/blog\/?s={search_term_string}"},"query-input":{"@type":"PropertyValueSpecification","valueRequired":true,"valueName":"search_term_string"}}],"inLanguage":"es"},{"@type":"Person","@id":"","url":"https:\/\/kinepharma.es\/blog\/author\/"}]}},"_links":{"self":[{"href":"https:\/\/kinepharma.es\/blog\/wp-json\/wp\/v2\/posts\/9553","targetHints":{"allow":["GET"]}}],"collection":[{"href":"https:\/\/kinepharma.es\/blog\/wp-json\/wp\/v2\/posts"}],"about":[{"href":"https:\/\/kinepharma.es\/blog\/wp-json\/wp\/v2\/types\/post"}],"author":[{"embeddable":true,"href":"https:\/\/kinepharma.es\/blog\/wp-json\/wp\/v2\/users\/913"}],"replies":[{"embeddable":true,"href":"https:\/\/kinepharma.es\/blog\/wp-json\/wp\/v2\/comments?post=9553"}],"version-history":[{"count":3,"href":"https:\/\/kinepharma.es\/blog\/wp-json\/wp\/v2\/posts\/9553\/revisions"}],"predecessor-version":[{"id":9558,"href":"https:\/\/kinepharma.es\/blog\/wp-json\/wp\/v2\/posts\/9553\/revisions\/9558"}],"wp:attachment":[{"href":"https:\/\/kinepharma.es\/blog\/wp-json\/wp\/v2\/media?parent=9553"}],"wp:term":[{"taxonomy":"category","embeddable":true,"href":"https:\/\/kinepharma.es\/blog\/wp-json\/wp\/v2\/categories?post=9553"},{"taxonomy":"post_tag","embeddable":true,"href":"https:\/\/kinepharma.es\/blog\/wp-json\/wp\/v2\/tags?post=9553"}],"curies":[{"name":"wp","href":"https:\/\/api.w.org\/{rel}","templated":true}]}}