{"id":3509,"date":"2014-12-24T12:07:58","date_gmt":"2014-12-24T10:07:58","guid":{"rendered":"https:\/\/kinepharma.es\/blog\/?p=3509"},"modified":"2014-12-24T12:16:14","modified_gmt":"2014-12-24T10:16:14","slug":"metaforas-del-meridiano-de-corazon","status":"publish","type":"post","link":"https:\/\/kinepharma.es\/blog\/2014\/12\/24\/metaforas-del-meridiano-de-corazon\/","title":{"rendered":"Met\u00e1foras del meridiano del coraz\u00f3n"},"content":{"rendered":"<p style=\"text-align: center;\"><em><img loading=\"lazy\" decoding=\"async\" class=\"aligncenter  wp-image-3512\" title=\"Metafora meridiano de coraz\u00f3n\" src=\"https:\/\/kinepharma.es\/blog\/wp-content\/uploads\/2014\/12\/Metafora-meridiano-de-coraz\u00f3n1-1024x1024.jpg\" alt=\"\" width=\"614\" height=\"614\" srcset=\"https:\/\/kinepharma.es\/blog\/wp-content\/uploads\/2014\/12\/Metafora-meridiano-de-coraz\u00f3n1-1024x1024.jpg 1024w, https:\/\/kinepharma.es\/blog\/wp-content\/uploads\/2014\/12\/Metafora-meridiano-de-coraz\u00f3n1-150x150.jpg 150w, https:\/\/kinepharma.es\/blog\/wp-content\/uploads\/2014\/12\/Metafora-meridiano-de-coraz\u00f3n1-300x300.jpg 300w, https:\/\/kinepharma.es\/blog\/wp-content\/uploads\/2014\/12\/Metafora-meridiano-de-coraz\u00f3n1.jpg 2000w\" sizes=\"auto, (max-width: 614px) 100vw, 614px\" \/>\u00a0<\/em><\/p>\n<p style=\"text-align: justify;\">Parad\u00f3jicamente, las funciones del Coraz\u00f3n seg\u00fan la medicina china son escasas en comparaci\u00f3n con otros \u00f3rganos, pero su importancia, al igual que su correcto funcionamiento a nivel fisiol\u00f3gico, es vital. En la medicina china,\u00a0<strong> es un centro emocional de sabidur\u00eda<\/strong>, el \u00abGobernador Supremo\u00bb que dirige la acci\u00f3n con claridad.<\/p>\n<p style=\"text-align: justify;\"><strong>Funciones del coraz\u00f3n a testar en situaci\u00f3n de desequilibrio:<\/strong><\/p>\n<ul>\n<li style=\"text-align: justify;\">Aloja el Shen. El esp\u00edritu <em>(Shen) <\/em>habita en el cerebro y en el coraz\u00f3n. La primera mente discierne los acontecimientos de la vida y toma consciencia de ellos, y la segunda, equilibra los sentimientos y es capaz de expresarlos con sinceridad.<\/li>\n<li style=\"text-align: justify;\">Controla los vasos sangu\u00edneos. Si la energ\u00eda <em>(Qi) <\/em>de coraz\u00f3n es d\u00e9bil, lo ser\u00e1 tambi\u00e9n el pulso.<\/li>\n<li style=\"text-align: justify;\">Gobierna la sangre. Es donde se convierte el Qi del alimento en Sangre, determinando la fuerza constitucional de la persona.<\/li>\n<li style=\"text-align: justify;\">Controla el gusto, el habla y la risa.<\/li>\n<li style=\"text-align: justify;\">Controla el sudor. El coraz\u00f3n detesta el calor.<\/li>\n<\/ul>\n<p style=\"text-align: justify;\">Si el coraz\u00f3n sufre un desequilibrio energ\u00e9tico se origina un estado de sobreexcitaci\u00f3n, euf\u00f3rico, de agitaci\u00f3n o alegr\u00eda desmesurada, el humor se vuelve variable y va de un extremo a otro, se pueden alcanzar estados de histeria, se pierde totalmente el control. La energ\u00eda del coraz\u00f3n fluye m\u00e1s lenta y se congestiona, provocando irregularidades en el ritmo card\u00edaco que se traducen en palpitaciones, taquicardias, nerviosismo e insomnio.<\/p>\n<p style=\"text-align: justify;\"><strong>Un coraz\u00f3n equilibrado energ\u00e9ticamente, a nivel somato ps\u00edquico induce a un estado de serenidad y generosidad<\/strong>; se saber dar y recibir amor. La energ\u00eda equilibrada y expansiva del coraz\u00f3n favorece una personalidad con claridad de ideas, con gran capacidad de comprensi\u00f3n y asimilaci\u00f3n.<\/p>\n<p style=\"text-align: justify;\">El coraz\u00f3n corresponde al elemento Fuego, su energ\u00eda es expansiva, r\u00e1pida y ascendente.<\/p>\n<p style=\"text-align: justify;\"><strong>Met\u00e1foras del elemento Fuego:<\/strong><\/p>\n<ul>\n<li style=\"text-align: justify;\">Tienes energ\u00eda y sientes pasi\u00f3n por la vida?<\/li>\n<li style=\"text-align: justify;\">Eres muy pasional y \u00abquemas\u00bb a los que tienes a tu alrededor o por el contrario, eres \u00abfr\u00edo\u00bb, incapaz de mostrar tus emociones?<\/li>\n<li style=\"text-align: justify;\">Piensa en el Fuego, qu\u00e9 significa para t\u00ed en tu vida?.<\/li>\n<\/ul>\n<p style=\"text-align: center;\"><img loading=\"lazy\" decoding=\"async\" class=\"aligncenter  wp-image-3513\" title=\"Metafora meridiano de coraz\u00f3n\" src=\"https:\/\/kinepharma.es\/blog\/wp-content\/uploads\/2014\/12\/Metafora-meridiano-de-coraz\u00f3n-1024x768.jpg\" alt=\"\" width=\"614\" height=\"461\" srcset=\"https:\/\/kinepharma.es\/blog\/wp-content\/uploads\/2014\/12\/Metafora-meridiano-de-coraz\u00f3n-1024x768.jpg 1024w, https:\/\/kinepharma.es\/blog\/wp-content\/uploads\/2014\/12\/Metafora-meridiano-de-coraz\u00f3n-300x225.jpg 300w\" sizes=\"auto, (max-width: 614px) 100vw, 614px\" \/><\/p>\n<p style=\"text-align: justify;\"><strong>\u00a0Met\u00e1foras del meridiano de Coraz\u00f3n:<\/strong><\/p>\n<ul>\n<li style=\"text-align: justify;\">Existe alg<em>\u00fa<\/em>n conflicto entre tu pensamiento l\u00f3gico y tu intuici\u00f3n o entre tu conocimiento y tus emociones?<\/li>\n<li style=\"text-align: justify;\">Est\u00e1s conectado con tu alma en tu vida cotidiana?<\/li>\n<li style=\"text-align: justify;\">Eres capaz de reconocer como te sientes y comunic\u00e1rselo a los dem\u00e1s?<\/li>\n<\/ul>\n<p style=\"text-align: justify;\"><strong>Met\u00e1foras del m\u00fasculo Subescapular:<\/strong><\/p>\n<ul>\n<li style=\"text-align: justify;\">Escondes algo a los dem\u00e1s?<\/li>\n<li style=\"text-align: justify;\">Hay algo que debieras contar?<\/li>\n<li style=\"text-align: justify;\">Hay alg<em>\u00fa<\/em>n conflicto entre lo que sientes y lo que piensas?<\/li>\n<\/ul>\n<p style=\"text-align: justify;\">Siendo que es el \u00f3rgano con el que pensamos las emociones, nos serviremos del <a href=\"http:\/\/www.kinepharma.es\/es\/kits-de-testaje\/101-kit-de-emociones-positivas.html\">kit de emociones positivas<\/a> y <a href=\"http:\/\/www.kinepharma.es\/es\/kits-de-testaje\/100-kit-de-testje-de-emociones-negativas.html\">negativas<\/a> para determinar que emoci\u00f3n lo est\u00e1 desequilibrando.<\/p>\n<p>&nbsp;<\/p>\n<p>Maria Josefa Obiol Saiz.<\/p>\n<p>Kinesi\u00f3loga y colaboradora de Kinepharma.<\/p>\n<p style=\"text-align: justify;\">\n<!-- AddThis Advanced Settings generic via filter on the_content --><!-- AddThis Share Buttons generic via filter on the_content -->","protected":false},"excerpt":{"rendered":"<p>\u00a0 Parad\u00f3jicamente, las funciones del Coraz\u00f3n seg\u00fan la medicina china son escasas en comparaci\u00f3n con otros \u00f3rganos, pero su importancia, al igual que su correcto funcionamiento a nivel fisiol\u00f3gico, es [&hellip;]<!-- AddThis Advanced Settings generic via filter on get_the_excerpt --><!-- AddThis Share Buttons generic via filter on get_the_excerpt --><\/p>\n","protected":false},"author":1,"featured_media":0,"comment_status":"open","ping_status":"open","sticky":false,"template":"","format":"standard","meta":{"footnotes":""},"categories":[101,11],"tags":[],"class_list":["post-3509","post","type-post","status-publish","format-standard","hentry","category-emocional","category-salud"],"yoast_head":"<!-- This site is optimized with the Yoast SEO plugin v27.2 - https:\/\/yoast.com\/product\/yoast-seo-wordpress\/ -->\n<title>Met\u00e1foras del meridiano del coraz\u00f3n<\/title>\n<meta name=\"description\" content=\"Met\u00e1foras, meridiano del coraz\u00f3n, kinesiolog\u00eda\" \/>\n<meta name=\"robots\" content=\"index, follow, max-snippet:-1, max-image-preview:large, max-video-preview:-1\" \/>\n<link rel=\"canonical\" href=\"https:\/\/kinepharma.es\/blog\/2014\/12\/24\/metaforas-del-meridiano-de-corazon\/\" \/>\n<meta property=\"og:locale\" content=\"es_ES\" \/>\n<meta property=\"og:type\" content=\"article\" \/>\n<meta property=\"og:title\" content=\"Met\u00e1foras del meridiano del coraz\u00f3n\" \/>\n<meta property=\"og:description\" content=\"Met\u00e1foras, meridiano del coraz\u00f3n, kinesiolog\u00eda\" \/>\n<meta property=\"og:url\" content=\"https:\/\/kinepharma.es\/blog\/2014\/12\/24\/metaforas-del-meridiano-de-corazon\/\" \/>\n<meta property=\"og:site_name\" content=\"Blog sobre kinesiolog\u00eda\" \/>\n<meta property=\"article:published_time\" content=\"2014-12-24T10:07:58+00:00\" \/>\n<meta property=\"article:modified_time\" content=\"2014-12-24T10:16:14+00:00\" \/>\n<meta name=\"author\" content=\"Angel Salazar Maga\u00f1a\" \/>\n<meta name=\"twitter:card\" content=\"summary_large_image\" \/>\n<meta name=\"twitter:creator\" content=\"@kinepharma\" \/>\n<meta name=\"twitter:site\" content=\"@kinepharma\" \/>\n<meta name=\"twitter:label1\" content=\"Escrito por\" \/>\n\t<meta name=\"twitter:data1\" content=\"Angel Salazar Maga\u00f1a\" \/>\n\t<meta name=\"twitter:label2\" content=\"Tiempo de lectura\" \/>\n\t<meta name=\"twitter:data2\" content=\"2 minutos\" \/>\n<script type=\"application\/ld+json\" class=\"yoast-schema-graph\">{\"@context\":\"https:\/\/schema.org\",\"@graph\":[{\"@type\":\"Article\",\"@id\":\"https:\/\/kinepharma.es\/blog\/2014\/12\/24\/metaforas-del-meridiano-de-corazon\/#article\",\"isPartOf\":{\"@id\":\"https:\/\/kinepharma.es\/blog\/2014\/12\/24\/metaforas-del-meridiano-de-corazon\/\"},\"author\":{\"name\":\"Angel Salazar Maga\u00f1a\",\"@id\":\"https:\/\/kinepharma.es\/blog\/#\/schema\/person\/485449e8a6e8a193503a672968ee1e45\"},\"headline\":\"Met\u00e1foras del meridiano del coraz\u00f3n\",\"datePublished\":\"2014-12-24T10:07:58+00:00\",\"dateModified\":\"2014-12-24T10:16:14+00:00\",\"mainEntityOfPage\":{\"@id\":\"https:\/\/kinepharma.es\/blog\/2014\/12\/24\/metaforas-del-meridiano-de-corazon\/\"},\"wordCount\":488,\"commentCount\":0,\"articleSection\":[\"Emocional\",\"Salud\"],\"inLanguage\":\"es\",\"potentialAction\":[{\"@type\":\"CommentAction\",\"name\":\"Comment\",\"target\":[\"https:\/\/kinepharma.es\/blog\/2014\/12\/24\/metaforas-del-meridiano-de-corazon\/#respond\"]}]},{\"@type\":\"WebPage\",\"@id\":\"https:\/\/kinepharma.es\/blog\/2014\/12\/24\/metaforas-del-meridiano-de-corazon\/\",\"url\":\"https:\/\/kinepharma.es\/blog\/2014\/12\/24\/metaforas-del-meridiano-de-corazon\/\",\"name\":\"Met\u00e1foras del meridiano del coraz\u00f3n\",\"isPartOf\":{\"@id\":\"https:\/\/kinepharma.es\/blog\/#website\"},\"datePublished\":\"2014-12-24T10:07:58+00:00\",\"dateModified\":\"2014-12-24T10:16:14+00:00\",\"author\":{\"@id\":\"https:\/\/kinepharma.es\/blog\/#\/schema\/person\/485449e8a6e8a193503a672968ee1e45\"},\"description\":\"Met\u00e1foras, meridiano del coraz\u00f3n, kinesiolog\u00eda\",\"breadcrumb\":{\"@id\":\"https:\/\/kinepharma.es\/blog\/2014\/12\/24\/metaforas-del-meridiano-de-corazon\/#breadcrumb\"},\"inLanguage\":\"es\",\"potentialAction\":[{\"@type\":\"ReadAction\",\"target\":[\"https:\/\/kinepharma.es\/blog\/2014\/12\/24\/metaforas-del-meridiano-de-corazon\/\"]}]},{\"@type\":\"BreadcrumbList\",\"@id\":\"https:\/\/kinepharma.es\/blog\/2014\/12\/24\/metaforas-del-meridiano-de-corazon\/#breadcrumb\",\"itemListElement\":[{\"@type\":\"ListItem\",\"position\":1,\"name\":\"Portada\",\"item\":\"https:\/\/kinepharma.es\/blog\/\"},{\"@type\":\"ListItem\",\"position\":2,\"name\":\"Met\u00e1foras del meridiano del coraz\u00f3n\"}]},{\"@type\":\"WebSite\",\"@id\":\"https:\/\/kinepharma.es\/blog\/#website\",\"url\":\"https:\/\/kinepharma.es\/blog\/\",\"name\":\"Blog sobre kinesiolog\u00eda\",\"description\":\"Blog relacionado con el mundo de la kinesiolog\u00eda y de los materiales para su pr\u00e1ctica\",\"potentialAction\":[{\"@type\":\"SearchAction\",\"target\":{\"@type\":\"EntryPoint\",\"urlTemplate\":\"https:\/\/kinepharma.es\/blog\/?s={search_term_string}\"},\"query-input\":{\"@type\":\"PropertyValueSpecification\",\"valueRequired\":true,\"valueName\":\"search_term_string\"}}],\"inLanguage\":\"es\"},{\"@type\":\"Person\",\"@id\":\"https:\/\/kinepharma.es\/blog\/#\/schema\/person\/485449e8a6e8a193503a672968ee1e45\",\"name\":\"Angel Salazar Maga\u00f1a\",\"image\":{\"@type\":\"ImageObject\",\"inLanguage\":\"es\",\"@id\":\"https:\/\/secure.gravatar.com\/avatar\/f7f2a54851f8c55a440d50e49d015adbf660419a165fb46f71d520ac5373c9e7?s=96&d=retro&r=g\",\"url\":\"https:\/\/secure.gravatar.com\/avatar\/f7f2a54851f8c55a440d50e49d015adbf660419a165fb46f71d520ac5373c9e7?s=96&d=retro&r=g\",\"contentUrl\":\"https:\/\/secure.gravatar.com\/avatar\/f7f2a54851f8c55a440d50e49d015adbf660419a165fb46f71d520ac5373c9e7?s=96&d=retro&r=g\",\"caption\":\"Angel Salazar Maga\u00f1a\"},\"description\":\"Kinesiologo Hol\u00edstico y empresario, socio de Kinepharma.es.\",\"sameAs\":[\"http:\/\/www.kinepharma.es\",\"https:\/\/x.com\/kinepharma\"],\"url\":\"https:\/\/kinepharma.es\/blog\/author\/angel\/\"}]}<\/script>\n<!-- \/ Yoast SEO plugin. -->","yoast_head_json":{"title":"Met\u00e1foras del meridiano del coraz\u00f3n","description":"Met\u00e1foras, meridiano del coraz\u00f3n, kinesiolog\u00eda","robots":{"index":"index","follow":"follow","max-snippet":"max-snippet:-1","max-image-preview":"max-image-preview:large","max-video-preview":"max-video-preview:-1"},"canonical":"https:\/\/kinepharma.es\/blog\/2014\/12\/24\/metaforas-del-meridiano-de-corazon\/","og_locale":"es_ES","og_type":"article","og_title":"Met\u00e1foras del meridiano del coraz\u00f3n","og_description":"Met\u00e1foras, meridiano del coraz\u00f3n, kinesiolog\u00eda","og_url":"https:\/\/kinepharma.es\/blog\/2014\/12\/24\/metaforas-del-meridiano-de-corazon\/","og_site_name":"Blog sobre kinesiolog\u00eda","article_published_time":"2014-12-24T10:07:58+00:00","article_modified_time":"2014-12-24T10:16:14+00:00","author":"Angel Salazar Maga\u00f1a","twitter_card":"summary_large_image","twitter_creator":"@kinepharma","twitter_site":"@kinepharma","twitter_misc":{"Escrito por":"Angel Salazar Maga\u00f1a","Tiempo de lectura":"2 minutos"},"schema":{"@context":"https:\/\/schema.org","@graph":[{"@type":"Article","@id":"https:\/\/kinepharma.es\/blog\/2014\/12\/24\/metaforas-del-meridiano-de-corazon\/#article","isPartOf":{"@id":"https:\/\/kinepharma.es\/blog\/2014\/12\/24\/metaforas-del-meridiano-de-corazon\/"},"author":{"name":"Angel Salazar Maga\u00f1a","@id":"https:\/\/kinepharma.es\/blog\/#\/schema\/person\/485449e8a6e8a193503a672968ee1e45"},"headline":"Met\u00e1foras del meridiano del coraz\u00f3n","datePublished":"2014-12-24T10:07:58+00:00","dateModified":"2014-12-24T10:16:14+00:00","mainEntityOfPage":{"@id":"https:\/\/kinepharma.es\/blog\/2014\/12\/24\/metaforas-del-meridiano-de-corazon\/"},"wordCount":488,"commentCount":0,"articleSection":["Emocional","Salud"],"inLanguage":"es","potentialAction":[{"@type":"CommentAction","name":"Comment","target":["https:\/\/kinepharma.es\/blog\/2014\/12\/24\/metaforas-del-meridiano-de-corazon\/#respond"]}]},{"@type":"WebPage","@id":"https:\/\/kinepharma.es\/blog\/2014\/12\/24\/metaforas-del-meridiano-de-corazon\/","url":"https:\/\/kinepharma.es\/blog\/2014\/12\/24\/metaforas-del-meridiano-de-corazon\/","name":"Met\u00e1foras del meridiano del coraz\u00f3n","isPartOf":{"@id":"https:\/\/kinepharma.es\/blog\/#website"},"datePublished":"2014-12-24T10:07:58+00:00","dateModified":"2014-12-24T10:16:14+00:00","author":{"@id":"https:\/\/kinepharma.es\/blog\/#\/schema\/person\/485449e8a6e8a193503a672968ee1e45"},"description":"Met\u00e1foras, meridiano del coraz\u00f3n, kinesiolog\u00eda","breadcrumb":{"@id":"https:\/\/kinepharma.es\/blog\/2014\/12\/24\/metaforas-del-meridiano-de-corazon\/#breadcrumb"},"inLanguage":"es","potentialAction":[{"@type":"ReadAction","target":["https:\/\/kinepharma.es\/blog\/2014\/12\/24\/metaforas-del-meridiano-de-corazon\/"]}]},{"@type":"BreadcrumbList","@id":"https:\/\/kinepharma.es\/blog\/2014\/12\/24\/metaforas-del-meridiano-de-corazon\/#breadcrumb","itemListElement":[{"@type":"ListItem","position":1,"name":"Portada","item":"https:\/\/kinepharma.es\/blog\/"},{"@type":"ListItem","position":2,"name":"Met\u00e1foras del meridiano del coraz\u00f3n"}]},{"@type":"WebSite","@id":"https:\/\/kinepharma.es\/blog\/#website","url":"https:\/\/kinepharma.es\/blog\/","name":"Blog sobre kinesiolog\u00eda","description":"Blog relacionado con el mundo de la kinesiolog\u00eda y de los materiales para su pr\u00e1ctica","potentialAction":[{"@type":"SearchAction","target":{"@type":"EntryPoint","urlTemplate":"https:\/\/kinepharma.es\/blog\/?s={search_term_string}"},"query-input":{"@type":"PropertyValueSpecification","valueRequired":true,"valueName":"search_term_string"}}],"inLanguage":"es"},{"@type":"Person","@id":"https:\/\/kinepharma.es\/blog\/#\/schema\/person\/485449e8a6e8a193503a672968ee1e45","name":"Angel Salazar Maga\u00f1a","image":{"@type":"ImageObject","inLanguage":"es","@id":"https:\/\/secure.gravatar.com\/avatar\/f7f2a54851f8c55a440d50e49d015adbf660419a165fb46f71d520ac5373c9e7?s=96&d=retro&r=g","url":"https:\/\/secure.gravatar.com\/avatar\/f7f2a54851f8c55a440d50e49d015adbf660419a165fb46f71d520ac5373c9e7?s=96&d=retro&r=g","contentUrl":"https:\/\/secure.gravatar.com\/avatar\/f7f2a54851f8c55a440d50e49d015adbf660419a165fb46f71d520ac5373c9e7?s=96&d=retro&r=g","caption":"Angel Salazar Maga\u00f1a"},"description":"Kinesiologo Hol\u00edstico y empresario, socio de Kinepharma.es.","sameAs":["http:\/\/www.kinepharma.es","https:\/\/x.com\/kinepharma"],"url":"https:\/\/kinepharma.es\/blog\/author\/angel\/"}]}},"_links":{"self":[{"href":"https:\/\/kinepharma.es\/blog\/wp-json\/wp\/v2\/posts\/3509","targetHints":{"allow":["GET"]}}],"collection":[{"href":"https:\/\/kinepharma.es\/blog\/wp-json\/wp\/v2\/posts"}],"about":[{"href":"https:\/\/kinepharma.es\/blog\/wp-json\/wp\/v2\/types\/post"}],"author":[{"embeddable":true,"href":"https:\/\/kinepharma.es\/blog\/wp-json\/wp\/v2\/users\/1"}],"replies":[{"embeddable":true,"href":"https:\/\/kinepharma.es\/blog\/wp-json\/wp\/v2\/comments?post=3509"}],"version-history":[{"count":9,"href":"https:\/\/kinepharma.es\/blog\/wp-json\/wp\/v2\/posts\/3509\/revisions"}],"predecessor-version":[{"id":3520,"href":"https:\/\/kinepharma.es\/blog\/wp-json\/wp\/v2\/posts\/3509\/revisions\/3520"}],"wp:attachment":[{"href":"https:\/\/kinepharma.es\/blog\/wp-json\/wp\/v2\/media?parent=3509"}],"wp:term":[{"taxonomy":"category","embeddable":true,"href":"https:\/\/kinepharma.es\/blog\/wp-json\/wp\/v2\/categories?post=3509"},{"taxonomy":"post_tag","embeddable":true,"href":"https:\/\/kinepharma.es\/blog\/wp-json\/wp\/v2\/tags?post=3509"}],"curies":[{"name":"wp","href":"https:\/\/api.w.org\/{rel}","templated":true}]}}