{"id":278,"date":"2012-11-05T15:43:56","date_gmt":"2012-11-05T13:43:56","guid":{"rendered":"http:\/\/www.kinepharma.es\/blog\/?p=278"},"modified":"2012-11-21T10:53:52","modified_gmt":"2012-11-21T08:53:52","slug":"un-congreso-muy-especial","status":"publish","type":"post","link":"https:\/\/kinepharma.es\/blog\/2012\/11\/05\/un-congreso-muy-especial\/","title":{"rendered":"\u00a1Un congreso muy especial!"},"content":{"rendered":"<p><a href=\"https:\/\/kinepharma.es\/blog\/wp-content\/uploads\/2012\/11\/Foto-04-11-12-21-40-38.jpg\"><img loading=\"lazy\" decoding=\"async\" class=\"aligncenter size-medium wp-image-279\" title=\"Congreso Internacional Kinesiolog\u00eda \" src=\"https:\/\/kinepharma.es\/blog\/wp-content\/uploads\/2012\/11\/Foto-04-11-12-21-40-38-300x223.jpg\" alt=\"\" width=\"300\" height=\"223\" srcset=\"https:\/\/kinepharma.es\/blog\/wp-content\/uploads\/2012\/11\/Foto-04-11-12-21-40-38-300x223.jpg 300w, https:\/\/kinepharma.es\/blog\/wp-content\/uploads\/2012\/11\/Foto-04-11-12-21-40-38.jpg 800w\" sizes=\"auto, (max-width: 300px) 100vw, 300px\" \/><\/a><\/p>\n<p style=\"text-align: justify;\">Es la primera vez que vamos a un congreso de kinesiolog\u00eda que adem\u00e1s era internacional: <a href=\"http:\/\/energykine.kine2012.com\/\">el segundo congreso internacional de kinesiologia de Montmel\u00f3\u00a0<\/a> y en el cual asist\u00edamos como expositores, realmente <strong>no sab\u00edamos que nos \u00edbamos a encontrar<\/strong>, \u00bfser\u00edamos bien aceptados, por la generalidad de congresistas?. \u00bfInteresar\u00edamos nosotros y nuestros productos a la gente?. \u00bfEncajar\u00edamos en \u00e9l?. \u00bf Nos dar\u00edan un buen stand?. Todas estas preguntas y os juro que muchas m\u00e1s rondaron nuestras cabezas antes de empezar.<\/p>\n<p><a href=\"https:\/\/kinepharma.es\/blog\/wp-content\/uploads\/2012\/11\/Foto-04-11-12-21-41-58.jpg\"><img loading=\"lazy\" decoding=\"async\" class=\"aligncenter size-medium wp-image-280\" title=\"Stand Kinepharma\" src=\"https:\/\/kinepharma.es\/blog\/wp-content\/uploads\/2012\/11\/Foto-04-11-12-21-41-58-300x223.jpg\" alt=\"\" width=\"300\" height=\"223\" srcset=\"https:\/\/kinepharma.es\/blog\/wp-content\/uploads\/2012\/11\/Foto-04-11-12-21-41-58-300x223.jpg 300w, https:\/\/kinepharma.es\/blog\/wp-content\/uploads\/2012\/11\/Foto-04-11-12-21-41-58.jpg 800w\" sizes=\"auto, (max-width: 300px) 100vw, 300px\" \/><\/a><\/p>\n<p style=\"text-align: justify;\">Todo esto una vez que llegamos <strong>qued\u00f3 r\u00e1pidamente contestado<\/strong>, lo primero tuvimos un stand de primera con el nombre de <a href=\"http:\/\/www.kinepharma.es\">KINEPHARMA<\/a> muy bien puesto y centrado como habr\u00e9is podido ver alguno por nuestras p\u00e1ginas de Facebook y de Twitter. No solo eso sino que al momento de llegar y fue as\u00ed casi en los primeros minutos ya ten\u00edamos a mucha gente preguntando sobre nuestros productos. \u00a1Genial! Empez\u00e1bamos bien, al fondo la conferencia de la cual no se nos escapaba la fascinaci\u00f3n que causaba sobre los asistentes y de la que pronto nos contagiamos, las frases que logr\u00e1bamos cazar entre preguntas y respuestas de nuestros clientes o en los tiempos muertos que ten\u00edamos, nos confirmaban lo que ya pens\u00e1bamos, est\u00e1bamos oyendo a gente realmente buena e innovadora. Adem\u00e1s durante las horas siguientes a nuestra llegada no solo confirmamos <strong>la buena organizaci\u00f3n<\/strong> que hab\u00edan conseguido los organizadores, Vida Kine, si no que adem\u00e1s capt\u00e1bamos una especie de <strong>energ\u00eda positiva<\/strong> que se iba transmitiendo a todos los rincones del congreso. Era como si todos vibr\u00e1ramos a la misma frecuencia, de esto estoy seguro, m\u00e1s a\u00fan cuando Ami Choi nos condujo con ejercicios sobre los doce meridianos a canalizar nuestra energ\u00eda (Quigong) es decir a un reequilibrio a trav\u00e9s de posturas normalmente din\u00e1micas, lentas y suaves, o est\u00e1ticas, ritmos respiratorios, pensamientos e intenci\u00f3n etc,. Llego un momento en el que todos est\u00e1bamos, perdonarme la expresi\u00f3n, muy sutiles, muy ligeros como flotando, hubo buenas sensaciones y la constataci\u00f3n de la bondad de esta t\u00e9cnica.<\/p>\n<p>Esto acentu\u00f3 m\u00e1s este sentimiento que he referido anteriormente, mientras tanto est\u00e1bamos conociendo a muchos terapeutas y posibles clientes, lo que unido al aprendizaje que nos daban las conversaciones con algunos maestros de la kinesiolog\u00eda hizo que estas fueran unas sesiones fant\u00e1sticas para nuestros objetivos.<\/p>\n<p style=\"text-align: justify;\">Algo que me pas\u00f3 y que no esperaba es que el maestro <strong>Philip Rafferty<\/strong> me tratara, ya que el s\u00e1bado llegu\u00e9 con un lumbago incre\u00edble, me aplic\u00f3 su <strong>t\u00e9cnica R.E.S.E.T<\/strong> aplicada a la articulaci\u00f3n temporo mandibular y me dej\u00f3 como nuevo, algo que los m\u00e9dicos con todas sus armas no hab\u00edan logrado en m\u00e1s de una semana. Hab\u00eda oido hablar muy bien de \u00e9l pero tuve el privilegio de confirmar en primera persona su maestr\u00eda.<\/p>\n<p style=\"text-align: justify;\">Algo que me gust\u00f3 enormemente de la filosof\u00eda general que observe en ponentes y asistentes fue la de <strong>apertura a nuevas ideas<\/strong> y las ganas de aprender de todos, lejos de lo que habitualmente se respira en las disciplinas cl\u00e1sicas de la ciencia en donde los preceptos vigentes son raramente cuestionados y cuando se hace es a base de un gran sacrificio personal. Como dec\u00eda Albert Einstein \u201cNo podemos avanzar si no hacemos cosas diferentes\u201d. Bien pues en kinesiolog\u00eda la gente esta dispuesta a hacerlas y alterar paradigmas si esto conduce a la mejora y esto es lo que me maravilla de esta disciplina. Solo tengo <strong>palabras de agradecimiento para todos los que han contribuido a este fant\u00e1stico evento,<\/strong> \u00a1\u00a1GRACIAS Francesca, GRACIAS Juan Carlos, GRACIAS Ponentes y GRACIAS a todos los que hab\u00e9is participado de un modo u otro!!. Se nota que vuestro fin \u00faltimo es ayudar a la gente. Hasta pronto a todos.<\/p>\n<p style=\"text-align: justify;\">\u00c1ngel Salazar<br \/>\nKinepharma empresa sponsor del II Congreso internacional de kinesiolog\u00eda<\/p>\n<!-- AddThis Advanced Settings generic via filter on the_content --><!-- AddThis Share Buttons generic via filter on the_content -->","protected":false},"excerpt":{"rendered":"<p>Es la primera vez que vamos a un congreso de kinesiolog\u00eda que adem\u00e1s era internacional: el segundo congreso internacional de kinesiologia de Montmel\u00f3\u00a0 y en el cual asist\u00edamos como expositores, [&hellip;]<!-- AddThis Advanced Settings generic via filter on get_the_excerpt --><!-- AddThis Share Buttons generic via filter on get_the_excerpt --><\/p>\n","protected":false},"author":1,"featured_media":0,"comment_status":"open","ping_status":"open","sticky":false,"template":"","format":"standard","meta":{"footnotes":""},"categories":[12,13],"tags":[14,19,66],"class_list":["post-278","post","type-post","status-publish","format-standard","hentry","category-general","category-kinesiologia","tag-kinepharma","tag-kinesiologia-2","tag-kits-de-testaje"],"yoast_head":"<!-- This site is optimized with the Yoast SEO plugin v27.2 - https:\/\/yoast.com\/product\/yoast-seo-wordpress\/ -->\n<title>\u00a1Un congreso muy especial! - Blog sobre kinesiolog\u00eda<\/title>\n<meta name=\"robots\" content=\"index, follow, max-snippet:-1, max-image-preview:large, max-video-preview:-1\" \/>\n<link rel=\"canonical\" href=\"https:\/\/kinepharma.es\/blog\/2012\/11\/05\/un-congreso-muy-especial\/\" \/>\n<meta property=\"og:locale\" content=\"es_ES\" \/>\n<meta property=\"og:type\" content=\"article\" \/>\n<meta property=\"og:title\" content=\"\u00a1Un congreso muy especial! - Blog sobre kinesiolog\u00eda\" \/>\n<meta property=\"og:description\" content=\"Es la primera vez que vamos a un congreso de kinesiolog\u00eda que adem\u00e1s era internacional: el segundo congreso internacional de kinesiologia de Montmel\u00f3\u00a0 y en el cual asist\u00edamos como expositores, [&hellip;]\" \/>\n<meta property=\"og:url\" content=\"https:\/\/kinepharma.es\/blog\/2012\/11\/05\/un-congreso-muy-especial\/\" \/>\n<meta property=\"og:site_name\" content=\"Blog sobre kinesiolog\u00eda\" \/>\n<meta property=\"article:published_time\" content=\"2012-11-05T13:43:56+00:00\" \/>\n<meta property=\"article:modified_time\" content=\"2012-11-21T08:53:52+00:00\" \/>\n<meta property=\"og:image\" content=\"https:\/\/kinepharma.es\/blog\/wp-content\/uploads\/2012\/11\/Foto-04-11-12-21-40-38.jpg\" \/>\n\t<meta property=\"og:image:width\" content=\"800\" \/>\n\t<meta property=\"og:image:height\" content=\"597\" \/>\n\t<meta property=\"og:image:type\" content=\"image\/jpeg\" \/>\n<meta name=\"author\" content=\"Angel Salazar Maga\u00f1a\" \/>\n<meta name=\"twitter:card\" content=\"summary_large_image\" \/>\n<meta name=\"twitter:creator\" content=\"@kinepharma\" \/>\n<meta name=\"twitter:site\" content=\"@kinepharma\" \/>\n<meta name=\"twitter:label1\" content=\"Escrito por\" \/>\n\t<meta name=\"twitter:data1\" content=\"Angel Salazar Maga\u00f1a\" \/>\n\t<meta name=\"twitter:label2\" content=\"Tiempo de lectura\" \/>\n\t<meta name=\"twitter:data2\" content=\"3 minutos\" \/>\n<script type=\"application\/ld+json\" class=\"yoast-schema-graph\">{\"@context\":\"https:\/\/schema.org\",\"@graph\":[{\"@type\":\"Article\",\"@id\":\"https:\/\/kinepharma.es\/blog\/2012\/11\/05\/un-congreso-muy-especial\/#article\",\"isPartOf\":{\"@id\":\"https:\/\/kinepharma.es\/blog\/2012\/11\/05\/un-congreso-muy-especial\/\"},\"author\":{\"name\":\"Angel Salazar Maga\u00f1a\",\"@id\":\"https:\/\/kinepharma.es\/blog\/#\/schema\/person\/485449e8a6e8a193503a672968ee1e45\"},\"headline\":\"\u00a1Un congreso muy especial!\",\"datePublished\":\"2012-11-05T13:43:56+00:00\",\"dateModified\":\"2012-11-21T08:53:52+00:00\",\"mainEntityOfPage\":{\"@id\":\"https:\/\/kinepharma.es\/blog\/2012\/11\/05\/un-congreso-muy-especial\/\"},\"wordCount\":676,\"commentCount\":0,\"image\":{\"@id\":\"https:\/\/kinepharma.es\/blog\/2012\/11\/05\/un-congreso-muy-especial\/#primaryimage\"},\"thumbnailUrl\":\"https:\/\/kinepharma.es\/blog\/wp-content\/uploads\/2012\/11\/Foto-04-11-12-21-40-38-300x223.jpg\",\"keywords\":[\"KINEPHARMA\",\"kinesiolog\u00eda\",\"kits de testaje\"],\"articleSection\":[\"General\",\"Kinesiolog\u00eda\"],\"inLanguage\":\"es\",\"potentialAction\":[{\"@type\":\"CommentAction\",\"name\":\"Comment\",\"target\":[\"https:\/\/kinepharma.es\/blog\/2012\/11\/05\/un-congreso-muy-especial\/#respond\"]}]},{\"@type\":\"WebPage\",\"@id\":\"https:\/\/kinepharma.es\/blog\/2012\/11\/05\/un-congreso-muy-especial\/\",\"url\":\"https:\/\/kinepharma.es\/blog\/2012\/11\/05\/un-congreso-muy-especial\/\",\"name\":\"\u00a1Un congreso muy especial! - Blog sobre kinesiolog\u00eda\",\"isPartOf\":{\"@id\":\"https:\/\/kinepharma.es\/blog\/#website\"},\"primaryImageOfPage\":{\"@id\":\"https:\/\/kinepharma.es\/blog\/2012\/11\/05\/un-congreso-muy-especial\/#primaryimage\"},\"image\":{\"@id\":\"https:\/\/kinepharma.es\/blog\/2012\/11\/05\/un-congreso-muy-especial\/#primaryimage\"},\"thumbnailUrl\":\"https:\/\/kinepharma.es\/blog\/wp-content\/uploads\/2012\/11\/Foto-04-11-12-21-40-38-300x223.jpg\",\"datePublished\":\"2012-11-05T13:43:56+00:00\",\"dateModified\":\"2012-11-21T08:53:52+00:00\",\"author\":{\"@id\":\"https:\/\/kinepharma.es\/blog\/#\/schema\/person\/485449e8a6e8a193503a672968ee1e45\"},\"breadcrumb\":{\"@id\":\"https:\/\/kinepharma.es\/blog\/2012\/11\/05\/un-congreso-muy-especial\/#breadcrumb\"},\"inLanguage\":\"es\",\"potentialAction\":[{\"@type\":\"ReadAction\",\"target\":[\"https:\/\/kinepharma.es\/blog\/2012\/11\/05\/un-congreso-muy-especial\/\"]}]},{\"@type\":\"ImageObject\",\"inLanguage\":\"es\",\"@id\":\"https:\/\/kinepharma.es\/blog\/2012\/11\/05\/un-congreso-muy-especial\/#primaryimage\",\"url\":\"https:\/\/kinepharma.es\/blog\/wp-content\/uploads\/2012\/11\/Foto-04-11-12-21-40-38.jpg\",\"contentUrl\":\"https:\/\/kinepharma.es\/blog\/wp-content\/uploads\/2012\/11\/Foto-04-11-12-21-40-38.jpg\",\"width\":\"800\",\"height\":\"597\"},{\"@type\":\"BreadcrumbList\",\"@id\":\"https:\/\/kinepharma.es\/blog\/2012\/11\/05\/un-congreso-muy-especial\/#breadcrumb\",\"itemListElement\":[{\"@type\":\"ListItem\",\"position\":1,\"name\":\"Portada\",\"item\":\"https:\/\/kinepharma.es\/blog\/\"},{\"@type\":\"ListItem\",\"position\":2,\"name\":\"\u00a1Un congreso muy especial!\"}]},{\"@type\":\"WebSite\",\"@id\":\"https:\/\/kinepharma.es\/blog\/#website\",\"url\":\"https:\/\/kinepharma.es\/blog\/\",\"name\":\"Blog sobre kinesiolog\u00eda\",\"description\":\"Blog relacionado con el mundo de la kinesiolog\u00eda y de los materiales para su pr\u00e1ctica\",\"potentialAction\":[{\"@type\":\"SearchAction\",\"target\":{\"@type\":\"EntryPoint\",\"urlTemplate\":\"https:\/\/kinepharma.es\/blog\/?s={search_term_string}\"},\"query-input\":{\"@type\":\"PropertyValueSpecification\",\"valueRequired\":true,\"valueName\":\"search_term_string\"}}],\"inLanguage\":\"es\"},{\"@type\":\"Person\",\"@id\":\"https:\/\/kinepharma.es\/blog\/#\/schema\/person\/485449e8a6e8a193503a672968ee1e45\",\"name\":\"Angel Salazar Maga\u00f1a\",\"image\":{\"@type\":\"ImageObject\",\"inLanguage\":\"es\",\"@id\":\"https:\/\/secure.gravatar.com\/avatar\/f7f2a54851f8c55a440d50e49d015adbf660419a165fb46f71d520ac5373c9e7?s=96&d=retro&r=g\",\"url\":\"https:\/\/secure.gravatar.com\/avatar\/f7f2a54851f8c55a440d50e49d015adbf660419a165fb46f71d520ac5373c9e7?s=96&d=retro&r=g\",\"contentUrl\":\"https:\/\/secure.gravatar.com\/avatar\/f7f2a54851f8c55a440d50e49d015adbf660419a165fb46f71d520ac5373c9e7?s=96&d=retro&r=g\",\"caption\":\"Angel Salazar Maga\u00f1a\"},\"description\":\"Kinesiologo Hol\u00edstico y empresario, socio de Kinepharma.es.\",\"sameAs\":[\"http:\/\/www.kinepharma.es\",\"https:\/\/x.com\/kinepharma\"],\"url\":\"https:\/\/kinepharma.es\/blog\/author\/angel\/\"}]}<\/script>\n<!-- \/ Yoast SEO plugin. -->","yoast_head_json":{"title":"\u00a1Un congreso muy especial! - Blog sobre kinesiolog\u00eda","robots":{"index":"index","follow":"follow","max-snippet":"max-snippet:-1","max-image-preview":"max-image-preview:large","max-video-preview":"max-video-preview:-1"},"canonical":"https:\/\/kinepharma.es\/blog\/2012\/11\/05\/un-congreso-muy-especial\/","og_locale":"es_ES","og_type":"article","og_title":"\u00a1Un congreso muy especial! - Blog sobre kinesiolog\u00eda","og_description":"Es la primera vez que vamos a un congreso de kinesiolog\u00eda que adem\u00e1s era internacional: el segundo congreso internacional de kinesiologia de Montmel\u00f3\u00a0 y en el cual asist\u00edamos como expositores, [&hellip;]","og_url":"https:\/\/kinepharma.es\/blog\/2012\/11\/05\/un-congreso-muy-especial\/","og_site_name":"Blog sobre kinesiolog\u00eda","article_published_time":"2012-11-05T13:43:56+00:00","article_modified_time":"2012-11-21T08:53:52+00:00","og_image":[{"width":800,"height":597,"url":"https:\/\/kinepharma.es\/blog\/wp-content\/uploads\/2012\/11\/Foto-04-11-12-21-40-38.jpg","type":"image\/jpeg"}],"author":"Angel Salazar Maga\u00f1a","twitter_card":"summary_large_image","twitter_creator":"@kinepharma","twitter_site":"@kinepharma","twitter_misc":{"Escrito por":"Angel Salazar Maga\u00f1a","Tiempo de lectura":"3 minutos"},"schema":{"@context":"https:\/\/schema.org","@graph":[{"@type":"Article","@id":"https:\/\/kinepharma.es\/blog\/2012\/11\/05\/un-congreso-muy-especial\/#article","isPartOf":{"@id":"https:\/\/kinepharma.es\/blog\/2012\/11\/05\/un-congreso-muy-especial\/"},"author":{"name":"Angel Salazar Maga\u00f1a","@id":"https:\/\/kinepharma.es\/blog\/#\/schema\/person\/485449e8a6e8a193503a672968ee1e45"},"headline":"\u00a1Un congreso muy especial!","datePublished":"2012-11-05T13:43:56+00:00","dateModified":"2012-11-21T08:53:52+00:00","mainEntityOfPage":{"@id":"https:\/\/kinepharma.es\/blog\/2012\/11\/05\/un-congreso-muy-especial\/"},"wordCount":676,"commentCount":0,"image":{"@id":"https:\/\/kinepharma.es\/blog\/2012\/11\/05\/un-congreso-muy-especial\/#primaryimage"},"thumbnailUrl":"https:\/\/kinepharma.es\/blog\/wp-content\/uploads\/2012\/11\/Foto-04-11-12-21-40-38-300x223.jpg","keywords":["KINEPHARMA","kinesiolog\u00eda","kits de testaje"],"articleSection":["General","Kinesiolog\u00eda"],"inLanguage":"es","potentialAction":[{"@type":"CommentAction","name":"Comment","target":["https:\/\/kinepharma.es\/blog\/2012\/11\/05\/un-congreso-muy-especial\/#respond"]}]},{"@type":"WebPage","@id":"https:\/\/kinepharma.es\/blog\/2012\/11\/05\/un-congreso-muy-especial\/","url":"https:\/\/kinepharma.es\/blog\/2012\/11\/05\/un-congreso-muy-especial\/","name":"\u00a1Un congreso muy especial! - Blog sobre kinesiolog\u00eda","isPartOf":{"@id":"https:\/\/kinepharma.es\/blog\/#website"},"primaryImageOfPage":{"@id":"https:\/\/kinepharma.es\/blog\/2012\/11\/05\/un-congreso-muy-especial\/#primaryimage"},"image":{"@id":"https:\/\/kinepharma.es\/blog\/2012\/11\/05\/un-congreso-muy-especial\/#primaryimage"},"thumbnailUrl":"https:\/\/kinepharma.es\/blog\/wp-content\/uploads\/2012\/11\/Foto-04-11-12-21-40-38-300x223.jpg","datePublished":"2012-11-05T13:43:56+00:00","dateModified":"2012-11-21T08:53:52+00:00","author":{"@id":"https:\/\/kinepharma.es\/blog\/#\/schema\/person\/485449e8a6e8a193503a672968ee1e45"},"breadcrumb":{"@id":"https:\/\/kinepharma.es\/blog\/2012\/11\/05\/un-congreso-muy-especial\/#breadcrumb"},"inLanguage":"es","potentialAction":[{"@type":"ReadAction","target":["https:\/\/kinepharma.es\/blog\/2012\/11\/05\/un-congreso-muy-especial\/"]}]},{"@type":"ImageObject","inLanguage":"es","@id":"https:\/\/kinepharma.es\/blog\/2012\/11\/05\/un-congreso-muy-especial\/#primaryimage","url":"https:\/\/kinepharma.es\/blog\/wp-content\/uploads\/2012\/11\/Foto-04-11-12-21-40-38.jpg","contentUrl":"https:\/\/kinepharma.es\/blog\/wp-content\/uploads\/2012\/11\/Foto-04-11-12-21-40-38.jpg","width":"800","height":"597"},{"@type":"BreadcrumbList","@id":"https:\/\/kinepharma.es\/blog\/2012\/11\/05\/un-congreso-muy-especial\/#breadcrumb","itemListElement":[{"@type":"ListItem","position":1,"name":"Portada","item":"https:\/\/kinepharma.es\/blog\/"},{"@type":"ListItem","position":2,"name":"\u00a1Un congreso muy especial!"}]},{"@type":"WebSite","@id":"https:\/\/kinepharma.es\/blog\/#website","url":"https:\/\/kinepharma.es\/blog\/","name":"Blog sobre kinesiolog\u00eda","description":"Blog relacionado con el mundo de la kinesiolog\u00eda y de los materiales para su pr\u00e1ctica","potentialAction":[{"@type":"SearchAction","target":{"@type":"EntryPoint","urlTemplate":"https:\/\/kinepharma.es\/blog\/?s={search_term_string}"},"query-input":{"@type":"PropertyValueSpecification","valueRequired":true,"valueName":"search_term_string"}}],"inLanguage":"es"},{"@type":"Person","@id":"https:\/\/kinepharma.es\/blog\/#\/schema\/person\/485449e8a6e8a193503a672968ee1e45","name":"Angel Salazar Maga\u00f1a","image":{"@type":"ImageObject","inLanguage":"es","@id":"https:\/\/secure.gravatar.com\/avatar\/f7f2a54851f8c55a440d50e49d015adbf660419a165fb46f71d520ac5373c9e7?s=96&d=retro&r=g","url":"https:\/\/secure.gravatar.com\/avatar\/f7f2a54851f8c55a440d50e49d015adbf660419a165fb46f71d520ac5373c9e7?s=96&d=retro&r=g","contentUrl":"https:\/\/secure.gravatar.com\/avatar\/f7f2a54851f8c55a440d50e49d015adbf660419a165fb46f71d520ac5373c9e7?s=96&d=retro&r=g","caption":"Angel Salazar Maga\u00f1a"},"description":"Kinesiologo Hol\u00edstico y empresario, socio de Kinepharma.es.","sameAs":["http:\/\/www.kinepharma.es","https:\/\/x.com\/kinepharma"],"url":"https:\/\/kinepharma.es\/blog\/author\/angel\/"}]}},"_links":{"self":[{"href":"https:\/\/kinepharma.es\/blog\/wp-json\/wp\/v2\/posts\/278","targetHints":{"allow":["GET"]}}],"collection":[{"href":"https:\/\/kinepharma.es\/blog\/wp-json\/wp\/v2\/posts"}],"about":[{"href":"https:\/\/kinepharma.es\/blog\/wp-json\/wp\/v2\/types\/post"}],"author":[{"embeddable":true,"href":"https:\/\/kinepharma.es\/blog\/wp-json\/wp\/v2\/users\/1"}],"replies":[{"embeddable":true,"href":"https:\/\/kinepharma.es\/blog\/wp-json\/wp\/v2\/comments?post=278"}],"version-history":[{"count":15,"href":"https:\/\/kinepharma.es\/blog\/wp-json\/wp\/v2\/posts\/278\/revisions"}],"predecessor-version":[{"id":283,"href":"https:\/\/kinepharma.es\/blog\/wp-json\/wp\/v2\/posts\/278\/revisions\/283"}],"wp:attachment":[{"href":"https:\/\/kinepharma.es\/blog\/wp-json\/wp\/v2\/media?parent=278"}],"wp:term":[{"taxonomy":"category","embeddable":true,"href":"https:\/\/kinepharma.es\/blog\/wp-json\/wp\/v2\/categories?post=278"},{"taxonomy":"post_tag","embeddable":true,"href":"https:\/\/kinepharma.es\/blog\/wp-json\/wp\/v2\/tags?post=278"}],"curies":[{"name":"wp","href":"https:\/\/api.w.org\/{rel}","templated":true}]}}