{"id":2763,"date":"2014-07-15T17:00:02","date_gmt":"2014-07-15T15:00:02","guid":{"rendered":"https:\/\/kinepharma.es\/blog\/?p=2763"},"modified":"2014-07-15T17:36:53","modified_gmt":"2014-07-15T15:36:53","slug":"el-calcio-y-el-magnesio-3","status":"publish","type":"post","link":"https:\/\/kinepharma.es\/blog\/fr\/2014\/07\/15\/el-calcio-y-el-magnesio-3\/","title":{"rendered":"Le calcium et le magn\u00e9sium"},"content":{"rendered":"<p style=\"text-align: center;\"><a href=\"https:\/\/kinepharma.es\/blog\/wp-content\/uploads\/2014\/07\/El-calcio-y-magnesio.jpg\"><img loading=\"lazy\" decoding=\"async\" class=\"aligncenter  wp-image-2756\" title=\"Le calcium et le magn\u00e9sium  \" src=\"https:\/\/kinepharma.es\/blog\/wp-content\/uploads\/2014\/07\/El-calcio-y-magnesio.jpg\" alt=\"\" width=\"597\" height=\"447\" srcset=\"https:\/\/kinepharma.es\/blog\/wp-content\/uploads\/2014\/07\/El-calcio-y-magnesio.jpg 800w, https:\/\/kinepharma.es\/blog\/wp-content\/uploads\/2014\/07\/El-calcio-y-magnesio-300x225.jpg 300w\" sizes=\"auto, (max-width: 597px) 100vw, 597px\" \/><\/a><\/p>\n<p style=\"text-align: justify;\">Le <strong>calcium<\/strong> fournit \u00e0 l\u2019organisme l\u2019\u00e9nergie de contraction YANG essentielle au maintien du rythme vitale. Il participe \u00e0 la contraction des muscles. Il contribue au correct fonctionnement des nerfs et du cerveau et fournit les ressources permettant aux impulsions \u00e9lectriques de voyager le long des nerfs jusqu\u2019aux muscles. Il contribue \u00e0 r\u00e9guler le rythme cardiaque et la pression art\u00e9rielle. En effet, le calcium contracte le c\u0153ur.<\/p>\n<p style=\"text-align: justify;\">Le <strong>magn\u00e9sium<\/strong> fournit \u00e0 l\u2019organisme l\u2019\u00e9nergie de relaxation\/de dispersion YING. Il d\u00e9tend les muscles. Il inhibe les impulsions \u00e9lectriques (s\u2019il n\u2019est pas \u00e9quilibr\u00e9, il provoque des changements de comportement soudains dus \u00e0 une activit\u00e9 \u00e9lectrique excessive dans le cerveau). Il d\u00e9tend le c\u0153ur pour sa contraction ult\u00e9rieure afin de maintenir le rythme cardiaque et la pression art\u00e9rielle. Il r\u00e9gule le taux de sucre dans le sang. Il soutient le syst\u00e8me immunitaire et il contribue \u00e0 300 r\u00e9actions biochimiques.<\/p>\n<p style=\"text-align: justify;\"><strong>Afin que votre corps soit en mesure d\u2019utiliser le calcium, le ratio calcium \/ magn\u00e9sium doit \u00eatre de l\u2019ordre de 2, avec le pH ad\u00e9quat afin qu\u2019ils puissent \u00eatre absorb\u00e9s. Cette proportion est caract\u00e9ristique d\u2019un r\u00e9gime bas\u00e9 sur des c\u00e9r\u00e9ales int\u00e9grales, des l\u00e9gumineuses, des l\u00e9gumes, du poisson, des pickles et des graines, notamment le s\u00e9same grill\u00e9.<\/strong><\/p>\n<p style=\"text-align: justify;\">Lorsque le taux d\u2019acidit\u00e9 augmente dans le sang, <strong>l\u2019organisme puise dans ses r\u00e9serves alcalines, le calcium, le magn\u00e9sium et le potassium<\/strong>, stock\u00e9s dans les os, les dents, les articulations, les ongles et les cheveux, provoquant alors la d\u00e9calcification et la d\u00e9min\u00e9ralisation du corps. C\u2019est une cause directe de d\u00e9s\u00e9quilibres tels que l\u2019arthrite, l\u2019arthrose, l\u2019hypertension, les troubles dentaires et gingivaux, les fractures, l\u2019ost\u00e9oporose, le rachitisme, la maladie c\u0153liaque, les crampes, la t\u00e9tanie, l\u2019\u00e9pilepsie, l\u2019insomnie, la maladie de Parkinson, le syndrome pr\u00e9menstruel, les troubles des ongles, le vieillissement, les coups de soleil, etc.<\/p>\n<h2>\u00a0PROTOCOLE DE MANQUE DE CALCIUM<\/h2>\n<p><span style=\"text-decoration: underline;\">V\u00e9rifier les causes du manque de calcium :<\/span><\/p>\n<ul>\n<li style=\"text-align: justify;\">\u00a0Le stress, principale cause de l\u2019acidification organique.<\/li>\n<li style=\"text-align: justify;\">Le manque d\u2019apport en calcium de bonne qualit\u00e9 (pr\u00e9c\u00e9demment mentionn\u00e9).<\/li>\n<li style=\"text-align: justify;\">L\u2019alimentation acidifiante (sucre raffin\u00e9, caf\u00e9, m\u00e9dicaments, prot\u00e9ines animales, c\u00e9r\u00e9ales raffin\u00e9es, alcool).<\/li>\n<li style=\"text-align: justify;\">V\u00e9rifier les organes touch\u00e9s avec le test \u00e9largi des organes, dont la glande parathyro\u00efde, responsable de l\u2019absorption du calcium, l\u2019hormone r\u00e9gulatrice de cet \u00e9l\u00e9ment dans le sang et<strong> l\u2019hormone parathyro\u00efdienne<\/strong> (PTH). Cette fiole est disponible dans le<a href=\"http:\/\/www.kinepharma.es\/fr\/kits-test-de-diagnostic\/127-test-du-systeme-endocrinien-elargi.html\"> kit endocrinien \u00e9largi<\/a>.<\/li>\n<li style=\"text-align: justify;\">V\u00e9rifier si des vitamines sont \u00e0 l\u2019origine du trouble : tester les vitamines <strong>D, B et K<\/strong>, pr\u00e9sentes dans le <a href=\"http:\/\/www.kinepharma.es\/fr\/kits-test-de-traitement\/99-test-de-vitamines.html\">kit de vitamines<\/a>, qui sont impliqu\u00e9es dans le processus d\u2019absorption du calcium.<\/li>\n<\/ul>\n<p><span style=\"text-decoration: underline;\">Traitement propos\u00e9 :<\/span><\/p>\n<ul>\n<li style=\"text-align: justify;\">Augmenter l\u2019exposition au soleil afin de synth\u00e9tiser plus de vitamine D.<\/li>\n<li style=\"text-align: justify;\">Pratiquer quotidiennement une activit\u00e9 physique mod\u00e9r\u00e9e afin d\u2019augmenter la masse osseuse et de pr\u00e9venir la perte de calcium.<\/li>\n<li style=\"text-align: justify;\">Consommer du magn\u00e9sium. \u00c9troitement associ\u00e9 au calcium, ce min\u00e9ral contribue \u00e0 r\u00e9guler et \u00e0 pr\u00e9server ses taux dans le sang.<\/li>\n<li style=\"text-align: justify;\">Consommer des l\u00e9gumes riches en chlorophylle qui agissent en tant que lieu de stockage d\u2019\u00e9nergie solaire lumineuse, selon le Dr Bernard Jersen, Health magic through chlorophyll.<\/li>\n<li style=\"text-align: justify;\">Afin de maximiser son absorption, \u00e9viter les r\u00e9gimes pr\u00e9sentant des taux \u00e9lev\u00e9s de prot\u00e9ines ainsi.<\/li>\n<\/ul>\n<p>&nbsp;<\/p>\n<p>Maria Josefa Obiol Saiz.<\/p>\n<p>Collaboratrice Kinepharma.<\/p>\n<!-- AddThis Advanced Settings generic via filter on the_content --><!-- AddThis Share Buttons generic via filter on the_content -->","protected":false},"excerpt":{"rendered":"<p>Le calcium fournit \u00e0 l\u2019organisme l\u2019\u00e9nergie de contraction YANG essentielle au maintien du rythme vitale. Il participe \u00e0 la contraction des muscles. Il contribue au correct fonctionnement des nerfs et [&hellip;]<!-- AddThis Advanced Settings generic via filter on get_the_excerpt --><!-- AddThis Share Buttons generic via filter on get_the_excerpt --><\/p>\n","protected":false},"author":1,"featured_media":0,"comment_status":"open","ping_status":"open","sticky":false,"template":"","format":"standard","meta":{"footnotes":""},"categories":[123,11],"tags":[1179,581,1178,377,1177,1181,1182,1183,1180],"class_list":["post-2763","post","type-post","status-publish","format-standard","hentry","category-endocrino","category-salud","tag-acidite","tag-calcium","tag-glande-parathyroide","tag-kinesiologie-2","tag-magnesium","tag-muscles","tag-os","tag-soleil","tag-vitamine-d"],"yoast_head":"<!-- This site is optimized with the Yoast SEO plugin v27.2 - https:\/\/yoast.com\/product\/yoast-seo-wordpress\/ -->\n<title>Le calcium et le magn\u00e9sium<\/title>\n<meta name=\"description\" content=\"calcium, magn\u00e9sium, glande parathyro\u00efde, acidit\u00e9, vitamine D, muscles, os, soleil, Kin\u00e9siologie\" \/>\n<meta name=\"robots\" content=\"index, follow, max-snippet:-1, max-image-preview:large, max-video-preview:-1\" \/>\n<link rel=\"canonical\" href=\"https:\/\/kinepharma.es\/blog\/2014\/07\/15\/el-calcio-y-el-magnesio\/\" \/>\n<meta property=\"og:locale\" content=\"es_ES\" \/>\n<meta property=\"og:type\" content=\"article\" \/>\n<meta property=\"og:title\" content=\"Le calcium et le magn\u00e9sium\" \/>\n<meta property=\"og:description\" content=\"calcium, magn\u00e9sium, glande parathyro\u00efde, acidit\u00e9, vitamine D, muscles, os, soleil, Kin\u00e9siologie\" \/>\n<meta property=\"og:url\" content=\"https:\/\/kinepharma.es\/blog\/2014\/07\/15\/el-calcio-y-el-magnesio\/\" \/>\n<meta property=\"og:site_name\" content=\"Blog sobre kinesiolog\u00eda\" \/>\n<meta property=\"article:published_time\" content=\"2014-07-15T15:00:02+00:00\" \/>\n<meta property=\"article:modified_time\" content=\"2014-07-15T15:36:53+00:00\" \/>\n<meta property=\"og:image\" content=\"https:\/\/kinepharma.es\/blog\/wp-content\/uploads\/2014\/07\/El-calcio-y-magnesio.jpg\" \/>\n\t<meta property=\"og:image:width\" content=\"800\" \/>\n\t<meta property=\"og:image:height\" content=\"600\" \/>\n\t<meta property=\"og:image:type\" content=\"image\/jpeg\" \/>\n<meta name=\"author\" content=\"Angel Salazar Maga\u00f1a\" \/>\n<meta name=\"twitter:card\" content=\"summary_large_image\" \/>\n<meta name=\"twitter:creator\" content=\"@kinepharma\" \/>\n<meta name=\"twitter:site\" content=\"@kinepharma\" \/>\n<meta name=\"twitter:label1\" content=\"Escrito por\" \/>\n\t<meta name=\"twitter:data1\" content=\"Angel Salazar Maga\u00f1a\" \/>\n\t<meta name=\"twitter:label2\" content=\"Tiempo de lectura\" \/>\n\t<meta name=\"twitter:data2\" content=\"3 minutos\" \/>\n<script type=\"application\/ld+json\" class=\"yoast-schema-graph\">{\"@context\":\"https:\/\/schema.org\",\"@graph\":[{\"@type\":\"Article\",\"@id\":\"https:\/\/kinepharma.es\/blog\/2014\/07\/15\/el-calcio-y-el-magnesio\/#article\",\"isPartOf\":{\"@id\":\"https:\/\/kinepharma.es\/blog\/2014\/07\/15\/el-calcio-y-el-magnesio\/\"},\"author\":{\"name\":\"Angel Salazar Maga\u00f1a\",\"@id\":\"https:\/\/kinepharma.es\/blog\/#\/schema\/person\/485449e8a6e8a193503a672968ee1e45\"},\"headline\":\"Le calcium et le magn\u00e9sium\",\"datePublished\":\"2014-07-15T15:00:02+00:00\",\"dateModified\":\"2014-07-15T15:36:53+00:00\",\"mainEntityOfPage\":{\"@id\":\"https:\/\/kinepharma.es\/blog\/2014\/07\/15\/el-calcio-y-el-magnesio\/\"},\"wordCount\":592,\"commentCount\":0,\"image\":{\"@id\":\"https:\/\/kinepharma.es\/blog\/2014\/07\/15\/el-calcio-y-el-magnesio\/#primaryimage\"},\"thumbnailUrl\":\"https:\/\/kinepharma.es\/blog\/wp-content\/uploads\/2014\/07\/El-calcio-y-magnesio.jpg\",\"keywords\":[\"acidit\u00e9\",\"calcium\",\"glande parathyro\u00efde\",\"kin\u00e9siologie\",\"magn\u00e9sium\",\"muscles\",\"os\",\"soleil\",\"vitamine D\"],\"articleSection\":[\"Endocrino\",\"Salud\"],\"inLanguage\":\"es\",\"potentialAction\":[{\"@type\":\"CommentAction\",\"name\":\"Comment\",\"target\":[\"https:\/\/kinepharma.es\/blog\/2014\/07\/15\/el-calcio-y-el-magnesio\/#respond\"]}]},{\"@type\":\"WebPage\",\"@id\":\"https:\/\/kinepharma.es\/blog\/2014\/07\/15\/el-calcio-y-el-magnesio\/\",\"url\":\"https:\/\/kinepharma.es\/blog\/2014\/07\/15\/el-calcio-y-el-magnesio\/\",\"name\":\"Le calcium et le magn\u00e9sium\",\"isPartOf\":{\"@id\":\"https:\/\/kinepharma.es\/blog\/#website\"},\"primaryImageOfPage\":{\"@id\":\"https:\/\/kinepharma.es\/blog\/2014\/07\/15\/el-calcio-y-el-magnesio\/#primaryimage\"},\"image\":{\"@id\":\"https:\/\/kinepharma.es\/blog\/2014\/07\/15\/el-calcio-y-el-magnesio\/#primaryimage\"},\"thumbnailUrl\":\"https:\/\/kinepharma.es\/blog\/wp-content\/uploads\/2014\/07\/El-calcio-y-magnesio.jpg\",\"datePublished\":\"2014-07-15T15:00:02+00:00\",\"dateModified\":\"2014-07-15T15:36:53+00:00\",\"author\":{\"@id\":\"https:\/\/kinepharma.es\/blog\/#\/schema\/person\/485449e8a6e8a193503a672968ee1e45\"},\"description\":\"calcium, magn\u00e9sium, glande parathyro\u00efde, acidit\u00e9, vitamine D, muscles, os, soleil, Kin\u00e9siologie\",\"breadcrumb\":{\"@id\":\"https:\/\/kinepharma.es\/blog\/2014\/07\/15\/el-calcio-y-el-magnesio\/#breadcrumb\"},\"inLanguage\":\"es\",\"potentialAction\":[{\"@type\":\"ReadAction\",\"target\":[\"https:\/\/kinepharma.es\/blog\/2014\/07\/15\/el-calcio-y-el-magnesio\/\"]}]},{\"@type\":\"ImageObject\",\"inLanguage\":\"es\",\"@id\":\"https:\/\/kinepharma.es\/blog\/2014\/07\/15\/el-calcio-y-el-magnesio\/#primaryimage\",\"url\":\"https:\/\/kinepharma.es\/blog\/wp-content\/uploads\/2014\/07\/El-calcio-y-magnesio.jpg\",\"contentUrl\":\"https:\/\/kinepharma.es\/blog\/wp-content\/uploads\/2014\/07\/El-calcio-y-magnesio.jpg\",\"width\":\"800\",\"height\":\"600\"},{\"@type\":\"BreadcrumbList\",\"@id\":\"https:\/\/kinepharma.es\/blog\/2014\/07\/15\/el-calcio-y-el-magnesio\/#breadcrumb\",\"itemListElement\":[{\"@type\":\"ListItem\",\"position\":1,\"name\":\"Portada\",\"item\":\"https:\/\/kinepharma.es\/blog\/\"},{\"@type\":\"ListItem\",\"position\":2,\"name\":\"Le calcium et le magn\u00e9sium\"}]},{\"@type\":\"WebSite\",\"@id\":\"https:\/\/kinepharma.es\/blog\/#website\",\"url\":\"https:\/\/kinepharma.es\/blog\/\",\"name\":\"Blog sobre kinesiolog\u00eda\",\"description\":\"Blog relacionado con el mundo de la kinesiolog\u00eda y de los materiales para su pr\u00e1ctica\",\"potentialAction\":[{\"@type\":\"SearchAction\",\"target\":{\"@type\":\"EntryPoint\",\"urlTemplate\":\"https:\/\/kinepharma.es\/blog\/?s={search_term_string}\"},\"query-input\":{\"@type\":\"PropertyValueSpecification\",\"valueRequired\":true,\"valueName\":\"search_term_string\"}}],\"inLanguage\":\"es\"},{\"@type\":\"Person\",\"@id\":\"https:\/\/kinepharma.es\/blog\/#\/schema\/person\/485449e8a6e8a193503a672968ee1e45\",\"name\":\"Angel Salazar Maga\u00f1a\",\"image\":{\"@type\":\"ImageObject\",\"inLanguage\":\"es\",\"@id\":\"https:\/\/secure.gravatar.com\/avatar\/f7f2a54851f8c55a440d50e49d015adbf660419a165fb46f71d520ac5373c9e7?s=96&d=retro&r=g\",\"url\":\"https:\/\/secure.gravatar.com\/avatar\/f7f2a54851f8c55a440d50e49d015adbf660419a165fb46f71d520ac5373c9e7?s=96&d=retro&r=g\",\"contentUrl\":\"https:\/\/secure.gravatar.com\/avatar\/f7f2a54851f8c55a440d50e49d015adbf660419a165fb46f71d520ac5373c9e7?s=96&d=retro&r=g\",\"caption\":\"Angel Salazar Maga\u00f1a\"},\"description\":\"Kinesiologo Hol\u00edstico y empresario, socio de Kinepharma.es.\",\"sameAs\":[\"http:\/\/www.kinepharma.es\",\"https:\/\/x.com\/kinepharma\"],\"url\":\"https:\/\/kinepharma.es\/blog\/author\/angel\/\"}]}<\/script>\n<!-- \/ Yoast SEO plugin. -->","yoast_head_json":{"title":"Le calcium et le magn\u00e9sium","description":"calcium, magn\u00e9sium, glande parathyro\u00efde, acidit\u00e9, vitamine D, muscles, os, soleil, Kin\u00e9siologie","robots":{"index":"index","follow":"follow","max-snippet":"max-snippet:-1","max-image-preview":"max-image-preview:large","max-video-preview":"max-video-preview:-1"},"canonical":"https:\/\/kinepharma.es\/blog\/2014\/07\/15\/el-calcio-y-el-magnesio\/","og_locale":"es_ES","og_type":"article","og_title":"Le calcium et le magn\u00e9sium","og_description":"calcium, magn\u00e9sium, glande parathyro\u00efde, acidit\u00e9, vitamine D, muscles, os, soleil, Kin\u00e9siologie","og_url":"https:\/\/kinepharma.es\/blog\/2014\/07\/15\/el-calcio-y-el-magnesio\/","og_site_name":"Blog sobre kinesiolog\u00eda","article_published_time":"2014-07-15T15:00:02+00:00","article_modified_time":"2014-07-15T15:36:53+00:00","og_image":[{"width":800,"height":600,"url":"https:\/\/kinepharma.es\/blog\/wp-content\/uploads\/2014\/07\/El-calcio-y-magnesio.jpg","type":"image\/jpeg"}],"author":"Angel Salazar Maga\u00f1a","twitter_card":"summary_large_image","twitter_creator":"@kinepharma","twitter_site":"@kinepharma","twitter_misc":{"Escrito por":"Angel Salazar Maga\u00f1a","Tiempo de lectura":"3 minutos"},"schema":{"@context":"https:\/\/schema.org","@graph":[{"@type":"Article","@id":"https:\/\/kinepharma.es\/blog\/2014\/07\/15\/el-calcio-y-el-magnesio\/#article","isPartOf":{"@id":"https:\/\/kinepharma.es\/blog\/2014\/07\/15\/el-calcio-y-el-magnesio\/"},"author":{"name":"Angel Salazar Maga\u00f1a","@id":"https:\/\/kinepharma.es\/blog\/#\/schema\/person\/485449e8a6e8a193503a672968ee1e45"},"headline":"Le calcium et le magn\u00e9sium","datePublished":"2014-07-15T15:00:02+00:00","dateModified":"2014-07-15T15:36:53+00:00","mainEntityOfPage":{"@id":"https:\/\/kinepharma.es\/blog\/2014\/07\/15\/el-calcio-y-el-magnesio\/"},"wordCount":592,"commentCount":0,"image":{"@id":"https:\/\/kinepharma.es\/blog\/2014\/07\/15\/el-calcio-y-el-magnesio\/#primaryimage"},"thumbnailUrl":"https:\/\/kinepharma.es\/blog\/wp-content\/uploads\/2014\/07\/El-calcio-y-magnesio.jpg","keywords":["acidit\u00e9","calcium","glande parathyro\u00efde","kin\u00e9siologie","magn\u00e9sium","muscles","os","soleil","vitamine D"],"articleSection":["Endocrino","Salud"],"inLanguage":"es","potentialAction":[{"@type":"CommentAction","name":"Comment","target":["https:\/\/kinepharma.es\/blog\/2014\/07\/15\/el-calcio-y-el-magnesio\/#respond"]}]},{"@type":"WebPage","@id":"https:\/\/kinepharma.es\/blog\/2014\/07\/15\/el-calcio-y-el-magnesio\/","url":"https:\/\/kinepharma.es\/blog\/2014\/07\/15\/el-calcio-y-el-magnesio\/","name":"Le calcium et le magn\u00e9sium","isPartOf":{"@id":"https:\/\/kinepharma.es\/blog\/#website"},"primaryImageOfPage":{"@id":"https:\/\/kinepharma.es\/blog\/2014\/07\/15\/el-calcio-y-el-magnesio\/#primaryimage"},"image":{"@id":"https:\/\/kinepharma.es\/blog\/2014\/07\/15\/el-calcio-y-el-magnesio\/#primaryimage"},"thumbnailUrl":"https:\/\/kinepharma.es\/blog\/wp-content\/uploads\/2014\/07\/El-calcio-y-magnesio.jpg","datePublished":"2014-07-15T15:00:02+00:00","dateModified":"2014-07-15T15:36:53+00:00","author":{"@id":"https:\/\/kinepharma.es\/blog\/#\/schema\/person\/485449e8a6e8a193503a672968ee1e45"},"description":"calcium, magn\u00e9sium, glande parathyro\u00efde, acidit\u00e9, vitamine D, muscles, os, soleil, Kin\u00e9siologie","breadcrumb":{"@id":"https:\/\/kinepharma.es\/blog\/2014\/07\/15\/el-calcio-y-el-magnesio\/#breadcrumb"},"inLanguage":"es","potentialAction":[{"@type":"ReadAction","target":["https:\/\/kinepharma.es\/blog\/2014\/07\/15\/el-calcio-y-el-magnesio\/"]}]},{"@type":"ImageObject","inLanguage":"es","@id":"https:\/\/kinepharma.es\/blog\/2014\/07\/15\/el-calcio-y-el-magnesio\/#primaryimage","url":"https:\/\/kinepharma.es\/blog\/wp-content\/uploads\/2014\/07\/El-calcio-y-magnesio.jpg","contentUrl":"https:\/\/kinepharma.es\/blog\/wp-content\/uploads\/2014\/07\/El-calcio-y-magnesio.jpg","width":"800","height":"600"},{"@type":"BreadcrumbList","@id":"https:\/\/kinepharma.es\/blog\/2014\/07\/15\/el-calcio-y-el-magnesio\/#breadcrumb","itemListElement":[{"@type":"ListItem","position":1,"name":"Portada","item":"https:\/\/kinepharma.es\/blog\/"},{"@type":"ListItem","position":2,"name":"Le calcium et le magn\u00e9sium"}]},{"@type":"WebSite","@id":"https:\/\/kinepharma.es\/blog\/#website","url":"https:\/\/kinepharma.es\/blog\/","name":"Blog sobre kinesiolog\u00eda","description":"Blog relacionado con el mundo de la kinesiolog\u00eda y de los materiales para su pr\u00e1ctica","potentialAction":[{"@type":"SearchAction","target":{"@type":"EntryPoint","urlTemplate":"https:\/\/kinepharma.es\/blog\/?s={search_term_string}"},"query-input":{"@type":"PropertyValueSpecification","valueRequired":true,"valueName":"search_term_string"}}],"inLanguage":"es"},{"@type":"Person","@id":"https:\/\/kinepharma.es\/blog\/#\/schema\/person\/485449e8a6e8a193503a672968ee1e45","name":"Angel Salazar Maga\u00f1a","image":{"@type":"ImageObject","inLanguage":"es","@id":"https:\/\/secure.gravatar.com\/avatar\/f7f2a54851f8c55a440d50e49d015adbf660419a165fb46f71d520ac5373c9e7?s=96&d=retro&r=g","url":"https:\/\/secure.gravatar.com\/avatar\/f7f2a54851f8c55a440d50e49d015adbf660419a165fb46f71d520ac5373c9e7?s=96&d=retro&r=g","contentUrl":"https:\/\/secure.gravatar.com\/avatar\/f7f2a54851f8c55a440d50e49d015adbf660419a165fb46f71d520ac5373c9e7?s=96&d=retro&r=g","caption":"Angel Salazar Maga\u00f1a"},"description":"Kinesiologo Hol\u00edstico y empresario, socio de Kinepharma.es.","sameAs":["http:\/\/www.kinepharma.es","https:\/\/x.com\/kinepharma"],"url":"https:\/\/kinepharma.es\/blog\/author\/angel\/"}]}},"_links":{"self":[{"href":"https:\/\/kinepharma.es\/blog\/wp-json\/wp\/v2\/posts\/2763","targetHints":{"allow":["GET"]}}],"collection":[{"href":"https:\/\/kinepharma.es\/blog\/wp-json\/wp\/v2\/posts"}],"about":[{"href":"https:\/\/kinepharma.es\/blog\/wp-json\/wp\/v2\/types\/post"}],"author":[{"embeddable":true,"href":"https:\/\/kinepharma.es\/blog\/wp-json\/wp\/v2\/users\/1"}],"replies":[{"embeddable":true,"href":"https:\/\/kinepharma.es\/blog\/wp-json\/wp\/v2\/comments?post=2763"}],"version-history":[{"count":11,"href":"https:\/\/kinepharma.es\/blog\/wp-json\/wp\/v2\/posts\/2763\/revisions"}],"predecessor-version":[{"id":2777,"href":"https:\/\/kinepharma.es\/blog\/wp-json\/wp\/v2\/posts\/2763\/revisions\/2777"}],"wp:attachment":[{"href":"https:\/\/kinepharma.es\/blog\/wp-json\/wp\/v2\/media?parent=2763"}],"wp:term":[{"taxonomy":"category","embeddable":true,"href":"https:\/\/kinepharma.es\/blog\/wp-json\/wp\/v2\/categories?post=2763"},{"taxonomy":"post_tag","embeddable":true,"href":"https:\/\/kinepharma.es\/blog\/wp-json\/wp\/v2\/tags?post=2763"}],"curies":[{"name":"wp","href":"https:\/\/api.w.org\/{rel}","templated":true}]}}