{"id":10722,"date":"2022-01-26T03:16:30","date_gmt":"2022-01-26T01:16:30","guid":{"rendered":"https:\/\/kinepharma.es\/blog\/?p=10722"},"modified":"2022-01-27T20:12:58","modified_gmt":"2022-01-27T18:12:58","slug":"as-flores-de-bach-e-o-seu-reconhecimento-oficial","status":"publish","type":"post","link":"https:\/\/kinepharma.es\/blog\/pt-pt\/2022\/01\/26\/as-flores-de-bach-e-o-seu-reconhecimento-oficial\/","title":{"rendered":"As flores de Bach e o seu reconhecimento oficial"},"content":{"rendered":"\n<figure class=\"wp-block-image size-large\"><a href=\"https:\/\/www.kinepharma.es\/pt\/inicio\/31-kit-teste-de-flores-de-bach.html\"><img loading=\"lazy\" decoding=\"async\" width=\"697\" height=\"486\" src=\"https:\/\/kinepharma.es\/blog\/wp-content\/uploads\/2022\/01\/Florea-de-Bach-kinepharma.jpg\" alt=\"Flores de Bach Kinepharma\" class=\"wp-image-10733\" srcset=\"https:\/\/kinepharma.es\/blog\/wp-content\/uploads\/2022\/01\/Florea-de-Bach-kinepharma.jpg 697w, https:\/\/kinepharma.es\/blog\/wp-content\/uploads\/2022\/01\/Florea-de-Bach-kinepharma-300x209.jpg 300w\" sizes=\"auto, (max-width: 697px) 100vw, 697px\" \/><\/a><\/figure>\n\n\n\n<p>O uso de flores de Bach para fins curativos n\u00e3o \u00e9 algo novo. A sua utiliza\u00e7\u00e3o j\u00e1 \u00e9 citada nos antigos escritos de fil\u00f3sofos de renome como S\u00f3crates e Plat\u00e3o. Portanto, estamos diante de uma terapia natural utilizada h\u00e1 s\u00e9culos, inclusive pelos abor\u00edgenes australianos, bem como pela prestigiosa medicina tradicional chinesa. As flores de Bach est\u00e3o a ganhar adeptos no seu caminho para o reconhecimento m\u00e9dico.<\/p>\n\n\n\n<h2 class=\"wp-block-heading\">Flores de Bach no mundo<\/h2>\n\n\n\n<p>Como outras terapias naturais, as flores de Bach n\u00e3o s\u00e3o reconhecidas nem regulamentadas em Espanha. No entanto, noutros pa\u00edses europeus, assim como no resto do mundo, est\u00e3o integradas nos seus sistemas de sa\u00fade. Alguns dos pa\u00edses em que esta terapia floral \u00e9 mais utilizada e procurada s\u00e3o, por exemplo, Inglaterra, Alemanha, Austr\u00e1lia, Fran\u00e7a, Estados Unidos, Su\u00ed\u00e7a, \u00c1frica do Sul, Fran\u00e7a, entre outros.<\/p>\n\n\n\n<p>Desde 1999, Cuba tem tamb\u00e9m incorporado o tratamento floral nas cl\u00ednicas de medicina natural dos servi\u00e7os de sa\u00fade p\u00fablica. Neste pa\u00eds, as flores de Bach s\u00e3o utilizadas por m\u00e9dicos, enfermeiros e farmac\u00eauticos em diferentes tipos de tratamento.<\/p>\n\n\n\n<figure class=\"wp-block-image size-large\"><img loading=\"lazy\" decoding=\"async\" width=\"640\" height=\"426\" src=\"https:\/\/kinepharma.es\/blog\/wp-content\/uploads\/2022\/01\/flores-de-bach-2.jpg\" alt=\"\" class=\"wp-image-10711\" srcset=\"https:\/\/kinepharma.es\/blog\/wp-content\/uploads\/2022\/01\/flores-de-bach-2.jpg 640w, https:\/\/kinepharma.es\/blog\/wp-content\/uploads\/2022\/01\/flores-de-bach-2-300x200.jpg 300w\" sizes=\"auto, (max-width: 640px) 100vw, 640px\" \/><\/figure>\n\n\n\n<h2 class=\"wp-block-heading\">Explica\u00e7\u00e3o cient\u00edfica de como funcionam as flores de Bach<\/h2>\n\n\n\n<p>A descoberta e utiliza\u00e7\u00e3o das flores de Bach, tal como as conhecemos hoje, \u00e9 atribu\u00edda ao m\u00e9dico brit\u00e2nico Edward Bach, que divulgou um sistema de cura baseado em 38 flores do campo ingl\u00eas aplic\u00e1veis a v\u00e1rios problemas emocionais como a causa de doen\u00e7as f\u00edsicas e mentais.<\/p>\n\n\n\n<p>A a\u00e7\u00e3o das flores de Bach \u00e9 baseada na informa\u00e7\u00e3o energ\u00e9tico-vibracional da pessoa. Por outras palavras, n\u00e3o funcionam com sintomas f\u00edsicos, mas com o estado de esp\u00edrito da pessoa.<\/p>\n\n\n\n<p>Embora a compreens\u00e3o de como estas flores funcionam ainda seja dif\u00edcil de discernir, a sua explica\u00e7\u00e3o cient\u00edfica come\u00e7a a ser ratificada por investigadores de renome, tais como o Pr\u00e9mio Nobel, Luc Montagnier. Este virologista garante que muitos cientistas (n\u00e3o apenas ele) mostraram que a \u00e1gua l\u00edquida pode conter e armazenar mol\u00e9culas biol\u00f3gicas. Tamb\u00e9m n\u00e3o devemos esquecer que a pessoa que prop\u00f4s esta terapia floral era tamb\u00e9m um profissional m\u00e9dico. O criador das flores de Bach, Edward Bach, era cirurgi\u00e3o de traumatologia e especialista em bacteriologia e imunologia.<\/p>\n\n\n\n<p>Do mesmo modo, j\u00e1 em 1976, a Organiza\u00e7\u00e3o Mundial de Sa\u00fade (OMS) recomendou a utiliza\u00e7\u00e3o de medicamentos alternativos, incluindo <a href=\"https:\/\/www.kinepharma.es\/pt\/inicio\/31-kit-teste-de-flores-de-bach.html\">a terapia floral de Bach.<\/a><\/p>\n\n\n\n<p>As terapias florais t\u00eam vindo a ganhar destaque ao longo do tempo, devido aos seus muitos benef\u00edcios cientificamente comprovados.<\/p>\n<!-- AddThis Advanced Settings generic via filter on the_content --><!-- AddThis Share Buttons generic via filter on the_content -->","protected":false},"excerpt":{"rendered":"<p>O uso de flores de Bach para fins curativos n\u00e3o \u00e9 algo novo. A sua utiliza\u00e7\u00e3o j\u00e1 \u00e9 citada nos antigos escritos de fil\u00f3sofos de renome como S\u00f3crates e Plat\u00e3o. [&hellip;]<!-- AddThis Advanced Settings generic via filter on get_the_excerpt --><!-- AddThis Share Buttons generic via filter on get_the_excerpt --><\/p>\n","protected":false},"author":1,"featured_media":0,"comment_status":"open","ping_status":"open","sticky":false,"template":"","format":"standard","meta":{"footnotes":""},"categories":[13],"tags":[],"class_list":["post-10722","post","type-post","status-publish","format-standard","hentry","category-kinesiologia"],"yoast_head":"<!-- This site is optimized with the Yoast SEO plugin v27.2 - https:\/\/yoast.com\/product\/yoast-seo-wordpress\/ -->\n<title>As flores de Bach e o seu reconhecimento oficial - Blog sobre kinesiolog\u00eda<\/title>\n<meta name=\"description\" content=\"A a\u00e7\u00e3o das flores de Bach \u00e9 baseada na informa\u00e7\u00e3o energ\u00e9tico-vibracional da pessoa.\" \/>\n<meta name=\"robots\" content=\"index, follow, max-snippet:-1, max-image-preview:large, max-video-preview:-1\" \/>\n<link rel=\"canonical\" href=\"https:\/\/kinepharma.es\/blog\/2022\/01\/26\/las-flores-de-bach-y-su-reconocimiento-oficial\/\" \/>\n<meta property=\"og:locale\" content=\"es_ES\" \/>\n<meta property=\"og:type\" content=\"article\" \/>\n<meta property=\"og:title\" content=\"As flores de Bach e o seu reconhecimento oficial - Blog sobre kinesiolog\u00eda\" \/>\n<meta property=\"og:description\" content=\"A a\u00e7\u00e3o das flores de Bach \u00e9 baseada na informa\u00e7\u00e3o energ\u00e9tico-vibracional da pessoa.\" \/>\n<meta property=\"og:url\" content=\"https:\/\/kinepharma.es\/blog\/2022\/01\/26\/las-flores-de-bach-y-su-reconocimiento-oficial\/\" \/>\n<meta property=\"og:site_name\" content=\"Blog sobre kinesiolog\u00eda\" \/>\n<meta property=\"article:published_time\" content=\"2022-01-26T01:16:30+00:00\" \/>\n<meta property=\"article:modified_time\" content=\"2022-01-27T18:12:58+00:00\" \/>\n<meta property=\"og:image\" content=\"https:\/\/kinepharma.es\/blog\/wp-content\/uploads\/2022\/01\/Florea-de-Bach-kinepharma.jpg\" \/>\n<meta name=\"author\" content=\"Angel Salazar Maga\u00f1a\" \/>\n<meta name=\"twitter:card\" content=\"summary_large_image\" \/>\n<meta name=\"twitter:creator\" content=\"@kinepharma\" \/>\n<meta name=\"twitter:site\" content=\"@kinepharma\" \/>\n<meta name=\"twitter:label1\" content=\"Escrito por\" \/>\n\t<meta name=\"twitter:data1\" content=\"Angel Salazar Maga\u00f1a\" \/>\n\t<meta name=\"twitter:label2\" content=\"Tiempo de lectura\" \/>\n\t<meta name=\"twitter:data2\" content=\"3 minutos\" \/>\n<script type=\"application\/ld+json\" class=\"yoast-schema-graph\">{\"@context\":\"https:\/\/schema.org\",\"@graph\":[{\"@type\":\"Article\",\"@id\":\"https:\/\/kinepharma.es\/blog\/2022\/01\/26\/las-flores-de-bach-y-su-reconocimiento-oficial\/#article\",\"isPartOf\":{\"@id\":\"https:\/\/kinepharma.es\/blog\/2022\/01\/26\/las-flores-de-bach-y-su-reconocimiento-oficial\/\"},\"author\":{\"name\":\"Angel Salazar Maga\u00f1a\",\"@id\":\"https:\/\/kinepharma.es\/blog\/#\/schema\/person\/485449e8a6e8a193503a672968ee1e45\"},\"headline\":\"As flores de Bach e o seu reconhecimento oficial\",\"datePublished\":\"2022-01-26T01:16:30+00:00\",\"dateModified\":\"2022-01-27T18:12:58+00:00\",\"mainEntityOfPage\":{\"@id\":\"https:\/\/kinepharma.es\/blog\/2022\/01\/26\/las-flores-de-bach-y-su-reconocimiento-oficial\/\"},\"wordCount\":452,\"commentCount\":0,\"image\":{\"@id\":\"https:\/\/kinepharma.es\/blog\/2022\/01\/26\/las-flores-de-bach-y-su-reconocimiento-oficial\/#primaryimage\"},\"thumbnailUrl\":\"https:\/\/kinepharma.es\/blog\/wp-content\/uploads\/2022\/01\/Florea-de-Bach-kinepharma.jpg\",\"articleSection\":[\"Kinesiolog\u00eda\"],\"inLanguage\":\"es\",\"potentialAction\":[{\"@type\":\"CommentAction\",\"name\":\"Comment\",\"target\":[\"https:\/\/kinepharma.es\/blog\/2022\/01\/26\/las-flores-de-bach-y-su-reconocimiento-oficial\/#respond\"]}]},{\"@type\":\"WebPage\",\"@id\":\"https:\/\/kinepharma.es\/blog\/2022\/01\/26\/las-flores-de-bach-y-su-reconocimiento-oficial\/\",\"url\":\"https:\/\/kinepharma.es\/blog\/2022\/01\/26\/las-flores-de-bach-y-su-reconocimiento-oficial\/\",\"name\":\"As flores de Bach e o seu reconhecimento oficial - Blog sobre kinesiolog\u00eda\",\"isPartOf\":{\"@id\":\"https:\/\/kinepharma.es\/blog\/#website\"},\"primaryImageOfPage\":{\"@id\":\"https:\/\/kinepharma.es\/blog\/2022\/01\/26\/las-flores-de-bach-y-su-reconocimiento-oficial\/#primaryimage\"},\"image\":{\"@id\":\"https:\/\/kinepharma.es\/blog\/2022\/01\/26\/las-flores-de-bach-y-su-reconocimiento-oficial\/#primaryimage\"},\"thumbnailUrl\":\"https:\/\/kinepharma.es\/blog\/wp-content\/uploads\/2022\/01\/Florea-de-Bach-kinepharma.jpg\",\"datePublished\":\"2022-01-26T01:16:30+00:00\",\"dateModified\":\"2022-01-27T18:12:58+00:00\",\"author\":{\"@id\":\"https:\/\/kinepharma.es\/blog\/#\/schema\/person\/485449e8a6e8a193503a672968ee1e45\"},\"description\":\"A a\u00e7\u00e3o das flores de Bach \u00e9 baseada na informa\u00e7\u00e3o energ\u00e9tico-vibracional da pessoa.\",\"breadcrumb\":{\"@id\":\"https:\/\/kinepharma.es\/blog\/2022\/01\/26\/las-flores-de-bach-y-su-reconocimiento-oficial\/#breadcrumb\"},\"inLanguage\":\"es\",\"potentialAction\":[{\"@type\":\"ReadAction\",\"target\":[\"https:\/\/kinepharma.es\/blog\/2022\/01\/26\/las-flores-de-bach-y-su-reconocimiento-oficial\/\"]}]},{\"@type\":\"ImageObject\",\"inLanguage\":\"es\",\"@id\":\"https:\/\/kinepharma.es\/blog\/2022\/01\/26\/las-flores-de-bach-y-su-reconocimiento-oficial\/#primaryimage\",\"url\":\"https:\/\/kinepharma.es\/blog\/wp-content\/uploads\/2022\/01\/Florea-de-Bach-kinepharma.jpg\",\"contentUrl\":\"https:\/\/kinepharma.es\/blog\/wp-content\/uploads\/2022\/01\/Florea-de-Bach-kinepharma.jpg\",\"width\":697,\"height\":486},{\"@type\":\"BreadcrumbList\",\"@id\":\"https:\/\/kinepharma.es\/blog\/2022\/01\/26\/las-flores-de-bach-y-su-reconocimiento-oficial\/#breadcrumb\",\"itemListElement\":[{\"@type\":\"ListItem\",\"position\":1,\"name\":\"Portada\",\"item\":\"https:\/\/kinepharma.es\/blog\/\"},{\"@type\":\"ListItem\",\"position\":2,\"name\":\"As flores de Bach e o seu reconhecimento oficial\"}]},{\"@type\":\"WebSite\",\"@id\":\"https:\/\/kinepharma.es\/blog\/#website\",\"url\":\"https:\/\/kinepharma.es\/blog\/\",\"name\":\"Blog sobre kinesiolog\u00eda\",\"description\":\"Blog relacionado con el mundo de la kinesiolog\u00eda y de los materiales para su pr\u00e1ctica\",\"potentialAction\":[{\"@type\":\"SearchAction\",\"target\":{\"@type\":\"EntryPoint\",\"urlTemplate\":\"https:\/\/kinepharma.es\/blog\/?s={search_term_string}\"},\"query-input\":{\"@type\":\"PropertyValueSpecification\",\"valueRequired\":true,\"valueName\":\"search_term_string\"}}],\"inLanguage\":\"es\"},{\"@type\":\"Person\",\"@id\":\"https:\/\/kinepharma.es\/blog\/#\/schema\/person\/485449e8a6e8a193503a672968ee1e45\",\"name\":\"Angel Salazar Maga\u00f1a\",\"image\":{\"@type\":\"ImageObject\",\"inLanguage\":\"es\",\"@id\":\"https:\/\/secure.gravatar.com\/avatar\/f7f2a54851f8c55a440d50e49d015adbf660419a165fb46f71d520ac5373c9e7?s=96&d=retro&r=g\",\"url\":\"https:\/\/secure.gravatar.com\/avatar\/f7f2a54851f8c55a440d50e49d015adbf660419a165fb46f71d520ac5373c9e7?s=96&d=retro&r=g\",\"contentUrl\":\"https:\/\/secure.gravatar.com\/avatar\/f7f2a54851f8c55a440d50e49d015adbf660419a165fb46f71d520ac5373c9e7?s=96&d=retro&r=g\",\"caption\":\"Angel Salazar Maga\u00f1a\"},\"description\":\"Kinesiologo Hol\u00edstico y empresario, socio de Kinepharma.es.\",\"sameAs\":[\"http:\/\/www.kinepharma.es\",\"https:\/\/x.com\/kinepharma\"],\"url\":\"https:\/\/kinepharma.es\/blog\/author\/angel\/\"}]}<\/script>\n<!-- \/ Yoast SEO plugin. -->","yoast_head_json":{"title":"As flores de Bach e o seu reconhecimento oficial - Blog sobre kinesiolog\u00eda","description":"A a\u00e7\u00e3o das flores de Bach \u00e9 baseada na informa\u00e7\u00e3o energ\u00e9tico-vibracional da pessoa.","robots":{"index":"index","follow":"follow","max-snippet":"max-snippet:-1","max-image-preview":"max-image-preview:large","max-video-preview":"max-video-preview:-1"},"canonical":"https:\/\/kinepharma.es\/blog\/2022\/01\/26\/las-flores-de-bach-y-su-reconocimiento-oficial\/","og_locale":"es_ES","og_type":"article","og_title":"As flores de Bach e o seu reconhecimento oficial - Blog sobre kinesiolog\u00eda","og_description":"A a\u00e7\u00e3o das flores de Bach \u00e9 baseada na informa\u00e7\u00e3o energ\u00e9tico-vibracional da pessoa.","og_url":"https:\/\/kinepharma.es\/blog\/2022\/01\/26\/las-flores-de-bach-y-su-reconocimiento-oficial\/","og_site_name":"Blog sobre kinesiolog\u00eda","article_published_time":"2022-01-26T01:16:30+00:00","article_modified_time":"2022-01-27T18:12:58+00:00","og_image":[{"url":"https:\/\/kinepharma.es\/blog\/wp-content\/uploads\/2022\/01\/Florea-de-Bach-kinepharma.jpg","type":"","width":"","height":""}],"author":"Angel Salazar Maga\u00f1a","twitter_card":"summary_large_image","twitter_creator":"@kinepharma","twitter_site":"@kinepharma","twitter_misc":{"Escrito por":"Angel Salazar Maga\u00f1a","Tiempo de lectura":"3 minutos"},"schema":{"@context":"https:\/\/schema.org","@graph":[{"@type":"Article","@id":"https:\/\/kinepharma.es\/blog\/2022\/01\/26\/las-flores-de-bach-y-su-reconocimiento-oficial\/#article","isPartOf":{"@id":"https:\/\/kinepharma.es\/blog\/2022\/01\/26\/las-flores-de-bach-y-su-reconocimiento-oficial\/"},"author":{"name":"Angel Salazar Maga\u00f1a","@id":"https:\/\/kinepharma.es\/blog\/#\/schema\/person\/485449e8a6e8a193503a672968ee1e45"},"headline":"As flores de Bach e o seu reconhecimento oficial","datePublished":"2022-01-26T01:16:30+00:00","dateModified":"2022-01-27T18:12:58+00:00","mainEntityOfPage":{"@id":"https:\/\/kinepharma.es\/blog\/2022\/01\/26\/las-flores-de-bach-y-su-reconocimiento-oficial\/"},"wordCount":452,"commentCount":0,"image":{"@id":"https:\/\/kinepharma.es\/blog\/2022\/01\/26\/las-flores-de-bach-y-su-reconocimiento-oficial\/#primaryimage"},"thumbnailUrl":"https:\/\/kinepharma.es\/blog\/wp-content\/uploads\/2022\/01\/Florea-de-Bach-kinepharma.jpg","articleSection":["Kinesiolog\u00eda"],"inLanguage":"es","potentialAction":[{"@type":"CommentAction","name":"Comment","target":["https:\/\/kinepharma.es\/blog\/2022\/01\/26\/las-flores-de-bach-y-su-reconocimiento-oficial\/#respond"]}]},{"@type":"WebPage","@id":"https:\/\/kinepharma.es\/blog\/2022\/01\/26\/las-flores-de-bach-y-su-reconocimiento-oficial\/","url":"https:\/\/kinepharma.es\/blog\/2022\/01\/26\/las-flores-de-bach-y-su-reconocimiento-oficial\/","name":"As flores de Bach e o seu reconhecimento oficial - Blog sobre kinesiolog\u00eda","isPartOf":{"@id":"https:\/\/kinepharma.es\/blog\/#website"},"primaryImageOfPage":{"@id":"https:\/\/kinepharma.es\/blog\/2022\/01\/26\/las-flores-de-bach-y-su-reconocimiento-oficial\/#primaryimage"},"image":{"@id":"https:\/\/kinepharma.es\/blog\/2022\/01\/26\/las-flores-de-bach-y-su-reconocimiento-oficial\/#primaryimage"},"thumbnailUrl":"https:\/\/kinepharma.es\/blog\/wp-content\/uploads\/2022\/01\/Florea-de-Bach-kinepharma.jpg","datePublished":"2022-01-26T01:16:30+00:00","dateModified":"2022-01-27T18:12:58+00:00","author":{"@id":"https:\/\/kinepharma.es\/blog\/#\/schema\/person\/485449e8a6e8a193503a672968ee1e45"},"description":"A a\u00e7\u00e3o das flores de Bach \u00e9 baseada na informa\u00e7\u00e3o energ\u00e9tico-vibracional da pessoa.","breadcrumb":{"@id":"https:\/\/kinepharma.es\/blog\/2022\/01\/26\/las-flores-de-bach-y-su-reconocimiento-oficial\/#breadcrumb"},"inLanguage":"es","potentialAction":[{"@type":"ReadAction","target":["https:\/\/kinepharma.es\/blog\/2022\/01\/26\/las-flores-de-bach-y-su-reconocimiento-oficial\/"]}]},{"@type":"ImageObject","inLanguage":"es","@id":"https:\/\/kinepharma.es\/blog\/2022\/01\/26\/las-flores-de-bach-y-su-reconocimiento-oficial\/#primaryimage","url":"https:\/\/kinepharma.es\/blog\/wp-content\/uploads\/2022\/01\/Florea-de-Bach-kinepharma.jpg","contentUrl":"https:\/\/kinepharma.es\/blog\/wp-content\/uploads\/2022\/01\/Florea-de-Bach-kinepharma.jpg","width":697,"height":486},{"@type":"BreadcrumbList","@id":"https:\/\/kinepharma.es\/blog\/2022\/01\/26\/las-flores-de-bach-y-su-reconocimiento-oficial\/#breadcrumb","itemListElement":[{"@type":"ListItem","position":1,"name":"Portada","item":"https:\/\/kinepharma.es\/blog\/"},{"@type":"ListItem","position":2,"name":"As flores de Bach e o seu reconhecimento oficial"}]},{"@type":"WebSite","@id":"https:\/\/kinepharma.es\/blog\/#website","url":"https:\/\/kinepharma.es\/blog\/","name":"Blog sobre kinesiolog\u00eda","description":"Blog relacionado con el mundo de la kinesiolog\u00eda y de los materiales para su pr\u00e1ctica","potentialAction":[{"@type":"SearchAction","target":{"@type":"EntryPoint","urlTemplate":"https:\/\/kinepharma.es\/blog\/?s={search_term_string}"},"query-input":{"@type":"PropertyValueSpecification","valueRequired":true,"valueName":"search_term_string"}}],"inLanguage":"es"},{"@type":"Person","@id":"https:\/\/kinepharma.es\/blog\/#\/schema\/person\/485449e8a6e8a193503a672968ee1e45","name":"Angel Salazar Maga\u00f1a","image":{"@type":"ImageObject","inLanguage":"es","@id":"https:\/\/secure.gravatar.com\/avatar\/f7f2a54851f8c55a440d50e49d015adbf660419a165fb46f71d520ac5373c9e7?s=96&d=retro&r=g","url":"https:\/\/secure.gravatar.com\/avatar\/f7f2a54851f8c55a440d50e49d015adbf660419a165fb46f71d520ac5373c9e7?s=96&d=retro&r=g","contentUrl":"https:\/\/secure.gravatar.com\/avatar\/f7f2a54851f8c55a440d50e49d015adbf660419a165fb46f71d520ac5373c9e7?s=96&d=retro&r=g","caption":"Angel Salazar Maga\u00f1a"},"description":"Kinesiologo Hol\u00edstico y empresario, socio de Kinepharma.es.","sameAs":["http:\/\/www.kinepharma.es","https:\/\/x.com\/kinepharma"],"url":"https:\/\/kinepharma.es\/blog\/author\/angel\/"}]}},"_links":{"self":[{"href":"https:\/\/kinepharma.es\/blog\/wp-json\/wp\/v2\/posts\/10722","targetHints":{"allow":["GET"]}}],"collection":[{"href":"https:\/\/kinepharma.es\/blog\/wp-json\/wp\/v2\/posts"}],"about":[{"href":"https:\/\/kinepharma.es\/blog\/wp-json\/wp\/v2\/types\/post"}],"author":[{"embeddable":true,"href":"https:\/\/kinepharma.es\/blog\/wp-json\/wp\/v2\/users\/1"}],"replies":[{"embeddable":true,"href":"https:\/\/kinepharma.es\/blog\/wp-json\/wp\/v2\/comments?post=10722"}],"version-history":[{"count":3,"href":"https:\/\/kinepharma.es\/blog\/wp-json\/wp\/v2\/posts\/10722\/revisions"}],"predecessor-version":[{"id":10744,"href":"https:\/\/kinepharma.es\/blog\/wp-json\/wp\/v2\/posts\/10722\/revisions\/10744"}],"wp:attachment":[{"href":"https:\/\/kinepharma.es\/blog\/wp-json\/wp\/v2\/media?parent=10722"}],"wp:term":[{"taxonomy":"category","embeddable":true,"href":"https:\/\/kinepharma.es\/blog\/wp-json\/wp\/v2\/categories?post=10722"},{"taxonomy":"post_tag","embeddable":true,"href":"https:\/\/kinepharma.es\/blog\/wp-json\/wp\/v2\/tags?post=10722"}],"curies":[{"name":"wp","href":"https:\/\/api.w.org\/{rel}","templated":true}]}}